{"id":1513,"date":"2012-06-25T07:44:07","date_gmt":"2012-06-25T05:44:07","guid":{"rendered":"http:\/\/gesu-cristo-org.it.elds.org\/?p=1513"},"modified":"2018-07-31T16:22:51","modified_gmt":"2018-07-31T14:22:51","slug":"la-caduta-di-adamo-ed-eva","status":"publish","type":"post","link":"https:\/\/it.elds.org\/gesu-cristo-org\/2012\/06\/25\/la-caduta-di-adamo-ed-eva\/","title":{"rendered":"La Caduta di Adamo"},"content":{"rendered":"<p><a href=\"https:\/\/it.elds.org\/gesu-cristo-org\/files\/2012\/06\/adamo-ed-eva.jpg\"><img fetchpriority=\"high\" fetchpriority=\"high\" decoding=\"async\" class=\"aligncenter wp-image-5711 size-full\" title=\"adamo ed eva\" src=\"https:\/\/it.elds.org\/gesu-cristo-org\/files\/2012\/06\/adamo-ed-eva.jpg\" alt=\"adamo ed eva\" height=\"542\" width=\"948\" srcset=\"https:\/\/it.elds.org\/gesu-cristo-org\/files\/2012\/06\/adamo-ed-eva.jpg 948w, https:\/\/it.elds.org\/gesu-cristo-org\/files\/2012\/06\/adamo-ed-eva-300x172.jpg 300w, https:\/\/it.elds.org\/gesu-cristo-org\/files\/2012\/06\/adamo-ed-eva-768x439.jpg 768w\" sizes=\"(max-width: 948px) 100vw, 948px\" \/><\/a>Forse nessun altro punto biblico \u00e8 stato dibattuto di pi\u00f9 e compreso di meno di quello riguardante Adamo ed Eva. L&#8217;Anziano Mark E. Petersen ha scritto:&nbsp;<\/p>\n<blockquote><p>&#8220;Adamo, il primo uomo,&nbsp; \u00e8 una figura controversa nella mente di cos\u00ec tante persone. Lo stesso \u00e8 per Eva, sua moglie. Insieme \u00e8 probabilmente la coppia pi\u00f9 incompresa che abbia mai vissuto sulla terra.<\/p>\n<p>Questo \u00e8 comunque qualcosa di difficile su cui interrogarsi. Convinzioni errate sui nostri primi genitori e teorie lontane dalla verit\u00e0, hanno bombardato il pubblico preoccupato nei secoli passati.<\/p>\n<p>Probabilmente coloro che sono da biasimare di pi\u00f9 sono gli stessi insegnanti di religione. Non sapendo i fatti riguardo Adamo ed Eva, hanno imposto le loro proprie nozioni e dottrine non ispirate alle persone, con il risultato che una massa di confusione \u00e8 stata creata anno dopo anno.&#8221; (Adamo: Chi \u00e8? p.1)<\/p><\/blockquote>\n<p><a href=\"http:\/\/it.elds.org\/gesu-cristo-org\/files\/2012\/06\/adao-eva-altar-mormon1.jpg\"><img decoding=\"async\" class=\"alignleft wp-image-1514 size-medium\" title=\"Adamo ed Eva\" src=\"https:\/\/it.elds.org\/gesu-cristo-org\/files\/2012\/06\/adao-eva-altar-mormon1-220x300.jpg\" alt=\"adamo-eve-mormone1\" height=\"300\" width=\"220\" srcset=\"https:\/\/it.elds.org\/gesu-cristo-org\/files\/2012\/06\/adao-eva-altar-mormon1-220x300.jpg 220w, https:\/\/it.elds.org\/gesu-cristo-org\/files\/2012\/06\/adao-eva-altar-mormon1.jpg 587w\" sizes=\"(max-width: 220px) 100vw, 220px\" \/><\/a>Una ragione sui pregiudizi ed interpretazioni sbagliate sui punti della Creazione e della Caduta, \u00e8 l&#8217;ostinata rimozione delle cose preziose e complete dall&#8217;Antico Testamento (vedere 1 Nefi 13:25-29).<\/p>\n<p>I membri della Chiesa hanno molto di ci\u00f2 che \u00e8 andato perso, che \u00e8 stato restaurato nei libri di Mos\u00e8 e di Abramo, ma il mondo invece ha solo il resoconto della Genesi nella versione attuale dell&#8217;Antico Testamento, che tratta la Caduta come un evento ma non discutendone la dottrina.<\/p>\n<p>In altre parole, la ragione per cui la Caduta \u00e8 diventata tale e che cosa ha significato per l&#8217;umanit\u00e0 non \u00e8 discussa nell&#8217;Antico Testamento che il mondo possiede oggi.<\/p>\n<p>Viene fatta un po&#8217; di luce su questo argomento nel Nuovo Testamento, ma \u00e8 limitata. In realt\u00e0, la dottrina della Caduta viene insegnata maggiormente e pi\u00f9 chiaramente nel Libro di Mormon.<\/p>\n<p>Quindi, non bisogna stupirsi se il mondo ha dei concetti erronei riguardo alla caduta, quando non hanno le scritture degli ultimi giorni che li possono aiutare a comprendere. Lo scopo dell&#8217;evento discusso in Genesi 3, fu riassunto da Lehi quando insegn\u00f2:<\/p>\n<blockquote><p>&#8220;Adamo&nbsp;cadde&nbsp;affinch\u00e9 gli uomini potessero essere; e gli uomini&nbsp;sono&nbsp;affinch\u00e9 possano provare&nbsp;gioia.&#8221; (<a href=\"https:\/\/www.lds.org\/scriptures\/bofm\/2-ne\/2.25?lang=ita\" target=\"_blank\" rel=\"noopener\">2 Nefi 2:25<\/a>).<\/p><\/blockquote>\n<h2>Gli uomini&nbsp;sono&nbsp;affinch\u00e9 possano provare&nbsp;gioia<\/h2>\n<p>Questa affermazione pu\u00f2 creare confusione nella mente di chiunque ma non dei membri della Chiesa. Richiede una spiegazione.&nbsp;Nelle scritture, il Signore disse che alla fine dei sei &#8220;giorni&#8221; della creazione, Egli santific\u00f2 il settimo giorno e si ripos\u00f2. Ma in Dottrina ed Alleanze, sezione 77, dice anche le cose seguenti:<\/p>\n<blockquote><p>&#8220;Dobbiamo intendere che,&nbsp;come Dio cre\u00f2 il mondo in sei giorni e nel settimo giorno termin\u00f2 la sua opera e la&nbsp;<a title=\"Gen. 2:1\u20133; Es. 20:11; Es. 31:12\u201317; Mosia 13:16\u201319; Mos\u00e8 3:1\u20133; Abr. 5:1\u20133.\" href=\"http:\/\/scriptures.lds.org\/it\/dc\/77\/12b\" target=\"_blank\" rel=\"nofollow noopener\">santific\u00f2<\/a>, e form\u00f2 anche l&#8217;uomo dalla&nbsp;polvere&nbsp;della terra, cos\u00ec, all&#8217;inizio del settimo millennio il Signore Dio&nbsp;santificher\u00e0&nbsp;la terra, e completer\u00e0 la salvezza dell&#8217;uomo, e&nbsp;giudicher\u00e0&nbsp;ogni cosa, e&nbsp;riscatter\u00e0&nbsp;ogni cosa, eccetto ci\u00f2 che non ha messo in suo potere, quando avr\u00e0 suggellato ogni cosa, in vista della fine di tutte le cose; e il suonare di trombe dei sette angeli \u00e8 la preparazione e il termine della sua opera, all&#8217;inizio del settimo millennio: il preparare la via prima del tempo della sua venuta.&#8221;<\/p><\/blockquote>\n<p>Il Signore non ha semplicemente santificato il settimo giorno, ha santificato la terra. Il Giardino di Eden era in uno stato santificato, lo stesso stato in cui sar\u00e0 la terra durante il millennio, eccetto per ogni cosa che era statica.<\/p>\n<p>Non c&#8217;era nascita o morte. Nessuno sa per quanto tempo Adamo ed Eva erano nel giardino prima della Caduta, ma potrebbe essere stato per un periodo di tempo molto lungo.<\/p>\n<p>Il Signore diede ad Adamo ed Eva due comandamenti in conflitto. Il primo era di moltiplicarsi e di riempire la terra con la loro posterit\u00e0. Il secondo era di non mangiare dal frutto proibito-&nbsp; il frutto dell&#8217;albero della conoscenza del bene e del male.<\/p>\n<p>Mangiare del frutto proibito era per poter diventare mortali, soggetti alla morte, ma anche in grado di procreare. Mangiare il frutto proibito voleva dire essere cacciati dal <a href=\"https:\/\/it.elds.org\/gesu-cristo-org\/2016\/10\/12\/eva-stata-ingannata\/\" target=\"_blank\" rel=\"noopener\">Giardino di Eden<\/a>.<\/p>\n<p>Il Piano di Salvezza \u00e8, molto semplicemente, questo: Lo scopo del Signore \u00e8 di rendere ogni uomo e donna come Lui e di poterli riportare a casa Sua per poter dimorare con Lui per sempre.<\/p>\n<p>E&#8217; il padre letterale dei nostri spiriti, dimoravamo con lui in un regno celeste che i Mormoni chiamano la Pre-esistenza, la vita Pre-mortale, o la vita Pre-terrena.<\/p>\n<p>Attraverso Suo Figlio, Ges\u00f9 Cristo (la Parola) ha creato una terra per noi, dove avremmo potuto ottenere dei corpi mortali ed essere provati e testati, e per poter imparare tramite la nostra stessa esperienza. Nel Libro di Abramo dice:<\/p>\n<blockquote><p>&#8220;E ve ne stava&nbsp;uno&nbsp;fra essi che era simile a Dio; ed egli disse a quelli che erano con lui:&nbsp;Noi&nbsp;scenderemo, poich\u00e9 vi \u00e8 dello spazio laggi\u00f9; e prenderemo di questi materiali e faremo una&nbsp;terra&nbsp;sulla quale costoro possano dimorare;<\/p>\n<p>E in questo modo li metteremo alla&nbsp;prova, per vedere se essi&nbsp;faranno&nbsp;tutte le cose che il Signore loro Dio comander\u00e0 loro;<\/p>\n<p>E a coloro che mantengono il loro&nbsp;primo&nbsp;stato, sar\u00e0 dato in aggiunta; e coloro che non mantengono il loro primo stato non avranno gloria nello stesso regno con quelli che mantengono il loro primo stato; e a coloro che mantengono il loro&nbsp;secondo stato sar\u00e0 aggiunta&nbsp;gloria&nbsp;sul loro capo per sempre e in eterno.&#8221; (<a href=\"https:\/\/www.lds.org\/scriptures\/pgp\/abr\/3.24-26?lang=ita\" target=\"_blank\" rel=\"noopener\">Abramo 3:24-26<\/a>).<\/p><\/blockquote>\n<p>il Signore sapeva che avremmo peccato e che saremmo caduti; per questo motivo, ha ordinato Cristo come Salvatore per noi. L&#8217;Espiazione \u00e8 una parte fondamentale per il Piano di Salvezza&#8230; e allo stesso modo lo \u00e8 &nbsp;Caduta.<\/p>\n<p>Il Signore ci ha garantito la libert\u00e0 di scegliere tra il bene ed il male. L&#8217;unico modo per poter esercitare questa scelta \u00e8 che ci siano delle cose opposte per attirarci da un lato o dall&#8217;altro. Nel libro di Mormon dice:<\/p>\n<blockquote><p>&#8220;Poich\u00e9 \u00e8 necessario che ci sia un&#8217;opposizione&nbsp;in tutte le cose. Se non fosse cos\u00ec, mio primogenito nel deserto, non potrebbe realizzarsi la rettitudine, n\u00e9 la malvagit\u00e0, n\u00e9 la santit\u00e0 n\u00e9 l&#8217;infelicit\u00e0, n\u00e9 il bene n\u00e9 il male.<\/p>\n<p>Pertanto tutte le cose devono necessariamente essere un solo insieme; pertanto, se fosse un unico corpo, dovrebbe necessariamente rimanere come morto, non avendo n\u00e9 vita n\u00e9 morte, n\u00e9 corruzione n\u00e9 incorruttibilit\u00e0, n\u00e9 felicit\u00e0 n\u00e9 infelicit\u00e0, n\u00e9 sensibilit\u00e0 n\u00e9 insensibilit\u00e0.<\/p>\n<p>&#8220;E per portare a compimento i suoi&nbsp;scopi&nbsp;eterni riguardo al fine dell&#8217;uomo, dopo ch&#8217;egli ebbe creato i nostri primi genitori, e le bestie dei campi e gli uccelli dell&#8217;aria, e infine tutte le cose che sono create, era necessario che vi fosse un&#8217;opposizione; proprio il&nbsp;frutto&nbsp;proibito&nbsp;in opposizione all&#8217;albero&nbsp;della vita; l&#8217;uno dolce e l&#8217;altro amaro.&#8221; (<a href=\"https:\/\/www.lds.org\/scriptures\/bofm\/2-ne\/2.11-15?lang=ita\" target=\"_blank\" rel=\"noopener\">2 Nefi 2:11;15<\/a>).<\/p><\/blockquote>\n<p>E&#8217; stato per poter proteggere il libero arbitrio di Adamo che il Signore gli ha dato due comandamenti in conflitto. Solamente prendendo del frutto proibito lui ed Eva avrebbero potuto moltiplicarsi e riempire la terra.<\/p>\n<p>Eva ne prese per prima, e cos\u00ec facendo sarebbe stata cacciata dal Giardino. Adamo sarebbe rimasto da solo nel Giardino di Eden. Ma ne prese, cos\u00ec che gli uomini potessero essere.<\/p>\n<p>Questo ci permette di muoverci lungo il percorso del Piano di Salvezza. Otteniamo corpi mortali e sperimentiamo, e poi veniamo risorti e guadagniamo un corpo perfetto ed immortale, e l&#8217;esaltazione in un regno di gloria, dove otteniamo la pienezza della gioia.<\/p>\n<p>Il Presidente Joseph Fielding Smith ha detto:<\/p>\n<blockquote><p>&#8220;Ringraziamo il Signore, quando preghiamo, per Adamo. Se non fosse stato per Adamo, io non sarei stato qui, voi non sareste stati qui; saremmo rimasti ad aspettare nei cieli come spiriti&#8230; Quindi non permettiamoci, fratelli e sorelle, di lamentarci riguardo ad Adamo e di sperare che non avesse fatto ci\u00f2 che ha compiuto. Io lo voglio ringraziare.<\/p>\n<p>Sono grato di avere il privilegio di poter essere qui e di attraversare la mortalit\u00e0, e se sar\u00f2 onesto e sincero fino alla fine alle alleanze ed impegni che ci sono su di me come membro della Chiesa e nel regno di Dio, potr\u00f2 avere il privilegio di tornare alle presenza del Padre Eterno; e questo potr\u00e0 essere per voi cos\u00ec come lo sar\u00e0 per me, figli e figlie di Dio, avendo diritto alla pienezza della gloria celestiale.&#8221; ( Resoconto della Conferenza, Ottobre 1967, p. 122).<\/p><\/blockquote>\n<h2><strong>Eva fu la prima a prendere del frutto<\/strong><\/h2>\n<p>I racconti sia in Mos\u00e8 che in Genesi dicono solo che Satana ha approcciato Eva, ma una rivelazione moderna riporta che prima cerc\u00f2 di approcciare Adamo che lo rifiut\u00f2- Eva, ad ogni modo, fu ingannata da Satana e ne mangi\u00f2.<\/p>\n<p>Sapendo che sarebbe stata mandata via dal giardino e separata da lui, anche Adamo ne mangi\u00f2. L&#8217;Apostolo Paolo scrisse sulla Caduta: &#8220;e non fu Adamo ad essere ingannato, ma fu la donna che, ingannata, si rese colpevole di trasgressione.&#8221; (I Timoteo 2:14).<\/p>\n<p>L&#8217;Anziano James E. Talmage spieg\u00f2 come, anche se fu ingannata, Eva ademp\u00ec ad ogni modo allo scopo del Signore:<\/p>\n<blockquote><p>&#8220;Eva stava adempiendo ai preventivati propositi di Dio, con la parte che prese nel grande piano della caduta; ad ogni modo lei non mangi\u00f2 del frutto proibito con questo scopo in mente, ma con l&#8217;intento di agire in modo contrario al comandamento divino, essendo stata ingannata dai piani di Satana, che inoltre, a questo riguardo, ha fatto progredire gli scopi della Creazioni, tentando Eva;&nbsp;<\/p>\n<p>Tuttavia il suo piano era di ostacolare il piano di Dio. Ci \u00e8 stato detto che &#8221;&nbsp;poich\u00e9 non conosceva il disegno di Dio; pertanto cerc\u00f2 di distruggere il mondo.&#8221; (Mos\u00e8 4:6).<\/p>\n<p>Ad ogni modo questo sforzo diabolico, molto lontano dall&#8217;essere il primo passo verso la distruzione, contribuisce al piano per la progressione umana.<\/p>\n<p>La parte di Adamo nel grande evento era essenzialmente diverso da quello di sua moglie; lui non \u00e8 stato ingannato; al contrario ha scelto deliberatamente di fare secondo il desiderio di Eva, che lui potesse realizzare lo scopo del suo Creatore con il rispetto della razza umana, colui che fu ordinato ad essere il primo patriarca.&#8221; (Articoli di Fede p. 69-70.)<\/p><\/blockquote>\n<p>Brigham Young ha detto che &#8220;non dovremmo mai biasimare Madre Eva&#8221; perch\u00e9 tramite la sua trasgressione, e la scelta di Adamo di seguirla, l&#8217;umanit\u00e0 fu in grado di venire a conoscenza del bene e del male (Discorsi di Brigham Young, p 103; vedere anche la Lettura 3-12 per una discussione sulla grandezza di Eva).<\/p>\n<h2><strong>La caduta di Adamo ha portato la morte nel mondo<\/strong><\/h2>\n<p><a href=\"http:\/\/it.elds.org\/gesu-cristo-org\/files\/2012\/06\/Caduta-di-Adamo.jpg\"><img decoding=\"async\" class=\"alignright wp-image-1517 size-medium\" title=\"Caduta-di-Adamo\" src=\"http:\/\/it.elds.org\/gesu-cristo-org\/files\/2012\/06\/Caduta-di-Adamo-195x300.jpg\" alt=\"adamo-eva\" height=\"300\" width=\"195\" srcset=\"https:\/\/it.elds.org\/gesu-cristo-org\/files\/2012\/06\/Caduta-di-Adamo-195x300.jpg 195w, https:\/\/it.elds.org\/gesu-cristo-org\/files\/2012\/06\/Caduta-di-Adamo.jpg 250w\" sizes=\"(max-width: 195px) 100vw, 195px\" \/><\/a>Quando Adamo ed Eva furono cacciati dal Giardino di Eden, portarono la morte nel mondo. I Profeti ci hanno rivelato che tutta la terra cadde in quel momento.<\/p>\n<p>Quando fu santificata \u00e8 stata portata nella galassia in un posto vicino al trono di Dio, ma con la caduta, cadde ai lati lontani della galassia dove la terra si trova ora.<\/p>\n<p>Durante il millennio, riavr\u00e0 la sua posizione vicino al trono di Dio. Questo \u00e8 il motivo per cui in Matteo 24:27 dice:<\/p>\n<blockquote><p>&#8220;Immediatamente dopo la tribolazione di quei giorni il sole sar\u00e0 oscurato, e non venga data la sua luce alla luna, e le stelle cadranno dal cielo, ed i poteri dei cieli saranno scossi&#8221; (vedere anche Marco 13.25; Dottrina ed Alleanze 29:14; Dottrina ed Alleanze 34:9; Dottrina ed Alleanze45:42).<\/p><\/blockquote>\n<p>Succeder\u00e0 letteralmente che le stelle cadranno.<\/p>\n<p>Molti membri della Chiesa si chiedono come la caduta di Adamo ed Eva pu\u00f2 aver portato la morte del mondo, quando i dinosauri esistevano prima di loro ed hanno provato la morte.<\/p>\n<p>Le piante e le creature primitive esistevano, vivevano e morivano prima che Adamo ed Eva furono messi nel giardino. E&#8217; stato quando Adamo ed Eva furono nella terra che fu santificata e che cess\u00f2 la morte.<\/p>\n<p>Questo \u00e8 l&#8217;inizio della vita moderna e della storia umana. Nel suo nuovo stato santificato, la terra fu posizionata nei cieli vicino al trovo di Dio. Quando Adamo ed Eva caddero, la terra cadde dalla sua posizione celeste e divenne corruttibile. La morte fu reintrodotta, ma anche la nascita.<\/p>\n<p>La caduta di Adamo port\u00f2 due tipi di morte nel mondo. La prima \u00e8 la morte fisica. La seconda \u00e8 la morte spirituale, e la separazione da Dio. Entrambe le morti sono state superate dall&#8217;espiazione di Ges\u00f9 Cristo.<\/p>\n<p>La risurrezione supera la morte fisica, e l&#8217;esaltazione supera la morte spirituale. Nella vita, l&#8217;espiazione da conforto per tutti noi e ci rende in grado di ricevere il dono del Santo Spirito.<\/p>\n<p>La preghiera e la lettura delle scritture ci aiuta a sentire lo spirito del Signore. Il pentimento ci fa riconciliare a Lui, cos\u00ec che possiamo avvicinarci a Lui spiritualmente.<\/p>\n<h2><strong>La Caduta di Adamo ed Eva non fu una trasgressione della legge di castit\u00e0<\/strong><\/h2>\n<p>Parlando della trasgressione di Adamo ed Eva, l&#8217;Anziano James E. Talmage disse:<\/p>\n<blockquote><p>&#8220;Colgo questa occasione per alzare la mia voce contro la falsa interpretazione delle scritture, quella che \u00e8 stata adottata da certi popoli, e che \u00e8 correntemente nelle loro menti, ed a cui ci si riferisce a sottovoce, che la caduta dell&#8217;uomo \u00e8 considerata come una offesa verso le leggi della castit\u00e0 e della virt\u00f9.<\/p>\n<p>Questa dottrina \u00e8 un abominazione&#8230; La razza umana non \u00e8 nata dalla fornicazione. Questi corpi ci sono stati dati in un modo che Dio ci ha fornito&#8230;<\/p>\n<p>&#8220;I nostri primi genitori erano puri e nobili, e quando passeremo al di la dal velo potremo forse imparare qualche cosa riguardo al loro alto stato&#8221; (Ges\u00f9 il Cristo p.30)<\/p><\/blockquote>\n<h2><strong>La Maledizione di Satana<\/strong><\/h2>\n<p>Genesi 3:15 &#8211; La promessa riguardo al ferire il calcagno ed al tirare il capo significa che mentre Satana (come un serpente) ferir\u00e0 il calcagno del salvatore portando gli uomini a crocifiggerLo ed in apparenza a distruggerLo, in realt\u00e0 proprio quell&#8217;atto dell&#8217;Espiazione dar\u00e0 a Cristo l&#8217;autorit\u00e0 di sconfiggere il potere che Satana ha sugli uomini e di annullare gli effetti della Caduta.<\/p>\n<p>Quindi, il seme della donna (Cristo) schiaccer\u00e0 la testa al serpente (Satana ed il suo regno) con il calcagno che fu ferito (il sacrificio espiatorio).<\/p>\n<h2><strong>Adamo ed Eva furono maledetti?<\/strong><\/h2>\n<p>Le dichiarazioni di Dio sulla caduta di Adamo ed Eva erano semplicemente le dichiarazioni di come sarebbe la vita mortale al di fuori dello stato santificato.<\/p>\n<p>Eva avrebbe portato alla luce dei figli e ci\u00f2 le avrebbe causato dolore, non solo per via della natura della nascita dei figli, ma anche per la natura del crescere degli esseri umani indipendenti.<\/p>\n<p>Adamo sarebbe stato obbligato a coltivare la terra ed a vivere del sudore della sua fronte. Eva avrebbe dovuto ricevere consigli da Adamo.<\/p>\n<p>Ad ogni modo, c&#8217;\u00e8 un avvertimento a questo riguardo, visto che l&#8217;uomo e la donna hanno eguale valore davanti al Signore, e visto che gli uomini e le donne sono fatti per essere eguali nella divina istituzione del matrimonio.<\/p>\n<p>Eva doveva guardare suo marito, come egli guardava al Signore. Nessuna donna \u00e8 obbligata a seguire un marito che pratica una &#8220;sovranit\u00e0 sbagliata&#8221;, o che guida in modo irriverente.<\/p>\n<blockquote><p>&#8220;Possiamo immaginare la difficile condizione di Adamo ed Eva. Erano stati condannati al dolore, ai problemi, alle pene, al lavoro ed erano stati cacciati dalla presenza di Dio, e la morte era stata dichiarata essere il loro fato. Un&#8217;immagine patetica, in verit\u00e0.<\/p>\n<p>Ma ora una cosa pi\u00f9 importante avvenne. Fu spiegato ad&nbsp; Adamo ed Eva il vangelo di Ges\u00f9 Cristo. Quale sarebbe stata la loro reazione? quando il Signore gli spieg\u00f2 questo, che una redenzione sarebbe venuta tramite Ges\u00f9 Cristo, l&#8217;unigenito Figlio del Padre, Adamo esclam\u00f2: &#8221; Benedetto sia il nome di Dio, poich\u00e9 a motivo della mia trasgressione i miei occhi sono aperti, e in questa vita avr\u00f2&nbsp;gioia, e di nuovo nella&nbsp;carne&nbsp;vedr\u00f2 Dio.&#8221; (<a href=\"https:\/\/www.lds.org\/scriptures\/pgp\/moses\/5.10?lang=ita\" target=\"_blank\" rel=\"noopener\">Mos\u00e8 5:10<\/a>)<\/p><\/blockquote>\n<p>&#8220;E quale fu la risposta di Eva, sua moglie? &#8216;Ella senti tutte queste cose, e ne fu felice e disse Se non fosse stato per la nostra trasgressione, non avremmo mai avuto una&nbsp;posterit\u00e0&nbsp;e non avremmo mai conosciuto il bene e il male, e la gioia della nostra redenzione, e la vita eterna che Dio d\u00e0 a tutti gli obbedienti. (<a href=\"https:\/\/www.lds.org\/scriptures\/pgp\/moses\/5.11?lang=ita\" target=\"_blank\" rel=\"noopener\">Mos\u00e8 5:11<\/a>)<\/p>\n<p>&#8220;Non c&#8217;\u00e8 la chiave alla risposta al male. Se non avessimo potuto essere buoni, eccetto quando resistiamo e superiamo il male, il male deve essere presente per potergli resistere.<\/p>\n<blockquote><p>&#8220;Cos\u00ec la terra \u00e8 formata in base a dei principi veri, e queste condizioni che precedettero la trasgressione non furono, nel senso usuale, la penalit\u00e0 che gli fu inflitta. Tutto ci\u00f2 che vi ho nominato che sembra essere una punizione triste, dolore e tribolazioni alla fine non \u00e8 cos\u00ec.<\/p>\n<p>Sono benedizioni. Abbiamo ottenuto una conoscenza del bene e del male, il potere di provare il dolce, di diventare agenti di noi stessi, il potere per ottenere redenzione e la vita eterna.<\/p>\n<p>Queste cosa hanno avuto la loro origine con la trasgressione.<\/p>\n<p>Il Signore ha preparato la terra per poter avere prove e lavoro se vogliamo vivere, che ci preserva dalla maledizione dell&#8217;indolenza e dell&#8217;ozio; ed anche se il Signore ci ha condannati a morte &#8211; morte mortale- \u00e8 una delle pi\u00f9 grandi benedizioni che vengono perch\u00e9 \u00e8 la via d&#8217;accesso all&#8217;immortalit\u00e0, e non possiamo mai ottenere l&#8217;immortalit\u00e0 senza morire.&#8221;(George Q. Morris, nel rapporto della conferenza, Apr. 1958, p. 39.)<\/p><\/blockquote>\n","protected":false},"excerpt":{"rendered":"<p>Quando Adamo ed Eva furono cacciati dal Giardino di Eden, portarono la morte nel mondo. <\/p>\n","protected":false},"author":46,"featured_media":5711,"comment_status":"open","ping_status":"closed","sticky":false,"template":"","format":"standard","meta":{"_et_pb_use_builder":"","_et_pb_old_content":"","_et_gb_content_width":"","_monsterinsights_skip_tracking":false,"_monsterinsights_sitenote_active":false,"_monsterinsights_sitenote_note":"","_monsterinsights_sitenote_category":0,"ngg_post_thumbnail":0,"footnotes":""},"categories":[3],"tags":[1002],"class_list":["post-1513","post","type-post","status-publish","format-standard","has-post-thumbnail","hentry","category-scritture","tag-giardino-delleden"],"yoast_head":"<!-- This site is optimized with the Yoast SEO plugin v27.4 - https:\/\/yoast.com\/product\/yoast-seo-wordpress\/ -->\n<title>La Caduta di Adamo ed Eva - Cacciati dal Giardino di Eden<\/title>\n<meta name=\"description\" content=\"Quando Adamo ed Eva furono cacciati dal Giardino di Eden, portarono la morte nel mondo. Tutta la terra cadde in quel momento.\" \/>\n<meta name=\"robots\" content=\"index, follow, max-snippet:-1, max-image-preview:large, max-video-preview:-1\" \/>\n<link rel=\"canonical\" href=\"https:\/\/it.elds.org\/gesu-cristo-org\/2012\/06\/25\/la-caduta-di-adamo-ed-eva\/\" \/>\n<meta property=\"og:locale\" content=\"it_IT\" \/>\n<meta property=\"og:type\" content=\"article\" \/>\n<meta property=\"og:title\" content=\"La Caduta di Adamo ed Eva - Cacciati dal Giardino di Eden\" \/>\n<meta property=\"og:description\" content=\"Quando Adamo ed Eva furono cacciati dal Giardino di Eden, portarono la morte nel mondo. Tutta la terra cadde in quel momento.\" \/>\n<meta property=\"og:url\" content=\"https:\/\/it.elds.org\/gesu-cristo-org\/2012\/06\/25\/la-caduta-di-adamo-ed-eva\/\" \/>\n<meta property=\"og:site_name\" content=\"gesucristo.org\" \/>\n<meta property=\"article:published_time\" content=\"2012-06-25T05:44:07+00:00\" \/>\n<meta property=\"article:modified_time\" content=\"2018-07-31T14:22:51+00:00\" \/>\n<meta property=\"og:image\" content=\"https:\/\/it.elds.org\/gesu-cristo-org\/files\/2012\/06\/adamo-ed-eva.jpg\" \/>\n\t<meta property=\"og:image:width\" content=\"948\" \/>\n\t<meta property=\"og:image:height\" content=\"542\" \/>\n\t<meta property=\"og:image:type\" content=\"image\/jpeg\" \/>\n<meta name=\"author\" content=\"collaboratore\" \/>\n<meta name=\"twitter:card\" content=\"summary_large_image\" \/>\n<meta name=\"twitter:label1\" content=\"Scritto da\" \/>\n\t<meta name=\"twitter:data1\" content=\"collaboratore\" \/>\n\t<meta name=\"twitter:label2\" content=\"Tempo di lettura stimato\" \/>\n\t<meta name=\"twitter:data2\" content=\"14 minuti\" \/>\n<script type=\"application\/ld+json\" class=\"yoast-schema-graph\">{\"@context\":\"https:\\\/\\\/schema.org\",\"@graph\":[{\"@type\":\"Article\",\"@id\":\"https:\\\/\\\/it.elds.org\\\/gesu-cristo-org\\\/2012\\\/06\\\/25\\\/la-caduta-di-adamo-ed-eva\\\/#article\",\"isPartOf\":{\"@id\":\"https:\\\/\\\/it.elds.org\\\/gesu-cristo-org\\\/2012\\\/06\\\/25\\\/la-caduta-di-adamo-ed-eva\\\/\"},\"author\":{\"name\":\"collaboratore\",\"@id\":\"https:\\\/\\\/it.elds.org\\\/gesu-cristo-org\\\/#\\\/schema\\\/person\\\/9f9faa532ad696ec68671c3e957b6ce9\"},\"headline\":\"La Caduta di Adamo\",\"datePublished\":\"2012-06-25T05:44:07+00:00\",\"dateModified\":\"2018-07-31T14:22:51+00:00\",\"mainEntityOfPage\":{\"@id\":\"https:\\\/\\\/it.elds.org\\\/gesu-cristo-org\\\/2012\\\/06\\\/25\\\/la-caduta-di-adamo-ed-eva\\\/\"},\"wordCount\":2846,\"commentCount\":0,\"image\":{\"@id\":\"https:\\\/\\\/it.elds.org\\\/gesu-cristo-org\\\/2012\\\/06\\\/25\\\/la-caduta-di-adamo-ed-eva\\\/#primaryimage\"},\"thumbnailUrl\":\"https:\\\/\\\/it.elds.org\\\/gesu-cristo-org\\\/files\\\/2012\\\/06\\\/adamo-ed-eva.jpg\",\"keywords\":[\"giardino dell'Eden\"],\"articleSection\":[\"Le Scritture\"],\"inLanguage\":\"it-IT\",\"potentialAction\":[{\"@type\":\"CommentAction\",\"name\":\"Comment\",\"target\":[\"https:\\\/\\\/it.elds.org\\\/gesu-cristo-org\\\/2012\\\/06\\\/25\\\/la-caduta-di-adamo-ed-eva\\\/#respond\"]}]},{\"@type\":\"WebPage\",\"@id\":\"https:\\\/\\\/it.elds.org\\\/gesu-cristo-org\\\/2012\\\/06\\\/25\\\/la-caduta-di-adamo-ed-eva\\\/\",\"url\":\"https:\\\/\\\/it.elds.org\\\/gesu-cristo-org\\\/2012\\\/06\\\/25\\\/la-caduta-di-adamo-ed-eva\\\/\",\"name\":\"La Caduta di Adamo ed Eva - Cacciati dal Giardino di Eden\",\"isPartOf\":{\"@id\":\"https:\\\/\\\/it.elds.org\\\/gesu-cristo-org\\\/#website\"},\"primaryImageOfPage\":{\"@id\":\"https:\\\/\\\/it.elds.org\\\/gesu-cristo-org\\\/2012\\\/06\\\/25\\\/la-caduta-di-adamo-ed-eva\\\/#primaryimage\"},\"image\":{\"@id\":\"https:\\\/\\\/it.elds.org\\\/gesu-cristo-org\\\/2012\\\/06\\\/25\\\/la-caduta-di-adamo-ed-eva\\\/#primaryimage\"},\"thumbnailUrl\":\"https:\\\/\\\/it.elds.org\\\/gesu-cristo-org\\\/files\\\/2012\\\/06\\\/adamo-ed-eva.jpg\",\"datePublished\":\"2012-06-25T05:44:07+00:00\",\"dateModified\":\"2018-07-31T14:22:51+00:00\",\"author\":{\"@id\":\"https:\\\/\\\/it.elds.org\\\/gesu-cristo-org\\\/#\\\/schema\\\/person\\\/9f9faa532ad696ec68671c3e957b6ce9\"},\"description\":\"Quando Adamo ed Eva furono cacciati dal Giardino di Eden, portarono la morte nel mondo. Tutta la terra cadde in quel momento.\",\"breadcrumb\":{\"@id\":\"https:\\\/\\\/it.elds.org\\\/gesu-cristo-org\\\/2012\\\/06\\\/25\\\/la-caduta-di-adamo-ed-eva\\\/#breadcrumb\"},\"inLanguage\":\"it-IT\",\"potentialAction\":[{\"@type\":\"ReadAction\",\"target\":[\"https:\\\/\\\/it.elds.org\\\/gesu-cristo-org\\\/2012\\\/06\\\/25\\\/la-caduta-di-adamo-ed-eva\\\/\"]}]},{\"@type\":\"ImageObject\",\"inLanguage\":\"it-IT\",\"@id\":\"https:\\\/\\\/it.elds.org\\\/gesu-cristo-org\\\/2012\\\/06\\\/25\\\/la-caduta-di-adamo-ed-eva\\\/#primaryimage\",\"url\":\"https:\\\/\\\/it.elds.org\\\/gesu-cristo-org\\\/files\\\/2012\\\/06\\\/adamo-ed-eva.jpg\",\"contentUrl\":\"https:\\\/\\\/it.elds.org\\\/gesu-cristo-org\\\/files\\\/2012\\\/06\\\/adamo-ed-eva.jpg\",\"width\":948,\"height\":542,\"caption\":\"adamo ed eva\"},{\"@type\":\"BreadcrumbList\",\"@id\":\"https:\\\/\\\/it.elds.org\\\/gesu-cristo-org\\\/2012\\\/06\\\/25\\\/la-caduta-di-adamo-ed-eva\\\/#breadcrumb\",\"itemListElement\":[{\"@type\":\"ListItem\",\"position\":1,\"name\":\"Home\",\"item\":\"https:\\\/\\\/it.elds.org\\\/gesu-cristo-org\\\/\"},{\"@type\":\"ListItem\",\"position\":2,\"name\":\"La Caduta di Adamo\"}]},{\"@type\":\"WebSite\",\"@id\":\"https:\\\/\\\/it.elds.org\\\/gesu-cristo-org\\\/#website\",\"url\":\"https:\\\/\\\/it.elds.org\\\/gesu-cristo-org\\\/\",\"name\":\"gesucristo.org\",\"description\":\"Il sito gesucristo.org offre una visione allargata del vangelo restaurato di Ges\u00f9 Cristo e di come possiamo usarlo per vincere le sfide degli ultimi giorni, con consigli, esempi e storie edificanti.\",\"potentialAction\":[{\"@type\":\"SearchAction\",\"target\":{\"@type\":\"EntryPoint\",\"urlTemplate\":\"https:\\\/\\\/it.elds.org\\\/gesu-cristo-org\\\/?s={search_term_string}\"},\"query-input\":{\"@type\":\"PropertyValueSpecification\",\"valueRequired\":true,\"valueName\":\"search_term_string\"}}],\"inLanguage\":\"it-IT\"},{\"@type\":\"Person\",\"@id\":\"https:\\\/\\\/it.elds.org\\\/gesu-cristo-org\\\/#\\\/schema\\\/person\\\/9f9faa532ad696ec68671c3e957b6ce9\",\"name\":\"collaboratore\",\"image\":{\"@type\":\"ImageObject\",\"inLanguage\":\"it-IT\",\"@id\":\"https:\\\/\\\/secure.gravatar.com\\\/avatar\\\/68ea6b338e1482bc760fb2dde30ab4a53d2b8af708975f664a091b0208c05535?s=96&d=mm&r=g\",\"url\":\"https:\\\/\\\/secure.gravatar.com\\\/avatar\\\/68ea6b338e1482bc760fb2dde30ab4a53d2b8af708975f664a091b0208c05535?s=96&d=mm&r=g\",\"contentUrl\":\"https:\\\/\\\/secure.gravatar.com\\\/avatar\\\/68ea6b338e1482bc760fb2dde30ab4a53d2b8af708975f664a091b0208c05535?s=96&d=mm&r=g\",\"caption\":\"collaboratore\"},\"description\":\"Pi\u00f9fede.it ha lo scopo di fornire informazioni corrette ed edificanti sulla Chiesa di Ges\u00f9 Cristo dei Santi degli Ultimi Giorni. Non \u00e8 un sito internet ufficiale della Chiesa, n\u00e9 rappresenta necessariamente la posizione della Chiesa. Il sito internet \u00e8 gestito da comuni membri della Chiesa che vogliono condividere con gli altri il bene che deriva dal Vangelo restaurato di Ges\u00f9 Cristo. Questo articolo \u00e8 stato scritto o tradotto da uno dei nostri volontari. Se siete interessati a contribuire con i vostri testi (oppure video, grafica ecc), per favore contattaci.\",\"url\":\"https:\\\/\\\/it.elds.org\\\/gesu-cristo-org\\\/author\\\/collaboratore\\\/\"}]}<\/script>\n<!-- \/ Yoast SEO plugin. -->","yoast_head_json":{"title":"La Caduta di Adamo ed Eva - Cacciati dal Giardino di Eden","description":"Quando Adamo ed Eva furono cacciati dal Giardino di Eden, portarono la morte nel mondo. Tutta la terra cadde in quel momento.","robots":{"index":"index","follow":"follow","max-snippet":"max-snippet:-1","max-image-preview":"max-image-preview:large","max-video-preview":"max-video-preview:-1"},"canonical":"https:\/\/it.elds.org\/gesu-cristo-org\/2012\/06\/25\/la-caduta-di-adamo-ed-eva\/","og_locale":"it_IT","og_type":"article","og_title":"La Caduta di Adamo ed Eva - Cacciati dal Giardino di Eden","og_description":"Quando Adamo ed Eva furono cacciati dal Giardino di Eden, portarono la morte nel mondo. Tutta la terra cadde in quel momento.","og_url":"https:\/\/it.elds.org\/gesu-cristo-org\/2012\/06\/25\/la-caduta-di-adamo-ed-eva\/","og_site_name":"gesucristo.org","article_published_time":"2012-06-25T05:44:07+00:00","article_modified_time":"2018-07-31T14:22:51+00:00","og_image":[{"width":948,"height":542,"url":"https:\/\/it.elds.org\/gesu-cristo-org\/files\/2012\/06\/adamo-ed-eva.jpg","type":"image\/jpeg"}],"author":"collaboratore","twitter_card":"summary_large_image","twitter_misc":{"Scritto da":"collaboratore","Tempo di lettura stimato":"14 minuti"},"schema":{"@context":"https:\/\/schema.org","@graph":[{"@type":"Article","@id":"https:\/\/it.elds.org\/gesu-cristo-org\/2012\/06\/25\/la-caduta-di-adamo-ed-eva\/#article","isPartOf":{"@id":"https:\/\/it.elds.org\/gesu-cristo-org\/2012\/06\/25\/la-caduta-di-adamo-ed-eva\/"},"author":{"name":"collaboratore","@id":"https:\/\/it.elds.org\/gesu-cristo-org\/#\/schema\/person\/9f9faa532ad696ec68671c3e957b6ce9"},"headline":"La Caduta di Adamo","datePublished":"2012-06-25T05:44:07+00:00","dateModified":"2018-07-31T14:22:51+00:00","mainEntityOfPage":{"@id":"https:\/\/it.elds.org\/gesu-cristo-org\/2012\/06\/25\/la-caduta-di-adamo-ed-eva\/"},"wordCount":2846,"commentCount":0,"image":{"@id":"https:\/\/it.elds.org\/gesu-cristo-org\/2012\/06\/25\/la-caduta-di-adamo-ed-eva\/#primaryimage"},"thumbnailUrl":"https:\/\/it.elds.org\/gesu-cristo-org\/files\/2012\/06\/adamo-ed-eva.jpg","keywords":["giardino dell'Eden"],"articleSection":["Le Scritture"],"inLanguage":"it-IT","potentialAction":[{"@type":"CommentAction","name":"Comment","target":["https:\/\/it.elds.org\/gesu-cristo-org\/2012\/06\/25\/la-caduta-di-adamo-ed-eva\/#respond"]}]},{"@type":"WebPage","@id":"https:\/\/it.elds.org\/gesu-cristo-org\/2012\/06\/25\/la-caduta-di-adamo-ed-eva\/","url":"https:\/\/it.elds.org\/gesu-cristo-org\/2012\/06\/25\/la-caduta-di-adamo-ed-eva\/","name":"La Caduta di Adamo ed Eva - Cacciati dal Giardino di Eden","isPartOf":{"@id":"https:\/\/it.elds.org\/gesu-cristo-org\/#website"},"primaryImageOfPage":{"@id":"https:\/\/it.elds.org\/gesu-cristo-org\/2012\/06\/25\/la-caduta-di-adamo-ed-eva\/#primaryimage"},"image":{"@id":"https:\/\/it.elds.org\/gesu-cristo-org\/2012\/06\/25\/la-caduta-di-adamo-ed-eva\/#primaryimage"},"thumbnailUrl":"https:\/\/it.elds.org\/gesu-cristo-org\/files\/2012\/06\/adamo-ed-eva.jpg","datePublished":"2012-06-25T05:44:07+00:00","dateModified":"2018-07-31T14:22:51+00:00","author":{"@id":"https:\/\/it.elds.org\/gesu-cristo-org\/#\/schema\/person\/9f9faa532ad696ec68671c3e957b6ce9"},"description":"Quando Adamo ed Eva furono cacciati dal Giardino di Eden, portarono la morte nel mondo. Tutta la terra cadde in quel momento.","breadcrumb":{"@id":"https:\/\/it.elds.org\/gesu-cristo-org\/2012\/06\/25\/la-caduta-di-adamo-ed-eva\/#breadcrumb"},"inLanguage":"it-IT","potentialAction":[{"@type":"ReadAction","target":["https:\/\/it.elds.org\/gesu-cristo-org\/2012\/06\/25\/la-caduta-di-adamo-ed-eva\/"]}]},{"@type":"ImageObject","inLanguage":"it-IT","@id":"https:\/\/it.elds.org\/gesu-cristo-org\/2012\/06\/25\/la-caduta-di-adamo-ed-eva\/#primaryimage","url":"https:\/\/it.elds.org\/gesu-cristo-org\/files\/2012\/06\/adamo-ed-eva.jpg","contentUrl":"https:\/\/it.elds.org\/gesu-cristo-org\/files\/2012\/06\/adamo-ed-eva.jpg","width":948,"height":542,"caption":"adamo ed eva"},{"@type":"BreadcrumbList","@id":"https:\/\/it.elds.org\/gesu-cristo-org\/2012\/06\/25\/la-caduta-di-adamo-ed-eva\/#breadcrumb","itemListElement":[{"@type":"ListItem","position":1,"name":"Home","item":"https:\/\/it.elds.org\/gesu-cristo-org\/"},{"@type":"ListItem","position":2,"name":"La Caduta di Adamo"}]},{"@type":"WebSite","@id":"https:\/\/it.elds.org\/gesu-cristo-org\/#website","url":"https:\/\/it.elds.org\/gesu-cristo-org\/","name":"gesucristo.org","description":"Il sito gesucristo.org offre una visione allargata del vangelo restaurato di Ges\u00f9 Cristo e di come possiamo usarlo per vincere le sfide degli ultimi giorni, con consigli, esempi e storie edificanti.","potentialAction":[{"@type":"SearchAction","target":{"@type":"EntryPoint","urlTemplate":"https:\/\/it.elds.org\/gesu-cristo-org\/?s={search_term_string}"},"query-input":{"@type":"PropertyValueSpecification","valueRequired":true,"valueName":"search_term_string"}}],"inLanguage":"it-IT"},{"@type":"Person","@id":"https:\/\/it.elds.org\/gesu-cristo-org\/#\/schema\/person\/9f9faa532ad696ec68671c3e957b6ce9","name":"collaboratore","image":{"@type":"ImageObject","inLanguage":"it-IT","@id":"https:\/\/secure.gravatar.com\/avatar\/68ea6b338e1482bc760fb2dde30ab4a53d2b8af708975f664a091b0208c05535?s=96&d=mm&r=g","url":"https:\/\/secure.gravatar.com\/avatar\/68ea6b338e1482bc760fb2dde30ab4a53d2b8af708975f664a091b0208c05535?s=96&d=mm&r=g","contentUrl":"https:\/\/secure.gravatar.com\/avatar\/68ea6b338e1482bc760fb2dde30ab4a53d2b8af708975f664a091b0208c05535?s=96&d=mm&r=g","caption":"collaboratore"},"description":"Pi\u00f9fede.it ha lo scopo di fornire informazioni corrette ed edificanti sulla Chiesa di Ges\u00f9 Cristo dei Santi degli Ultimi Giorni. Non \u00e8 un sito internet ufficiale della Chiesa, n\u00e9 rappresenta necessariamente la posizione della Chiesa. Il sito internet \u00e8 gestito da comuni membri della Chiesa che vogliono condividere con gli altri il bene che deriva dal Vangelo restaurato di Ges\u00f9 Cristo. Questo articolo \u00e8 stato scritto o tradotto da uno dei nostri volontari. Se siete interessati a contribuire con i vostri testi (oppure video, grafica ecc), per favore contattaci.","url":"https:\/\/it.elds.org\/gesu-cristo-org\/author\/collaboratore\/"}]}},"_links":{"self":[{"href":"https:\/\/it.elds.org\/gesu-cristo-org\/wp-json\/wp\/v2\/posts\/1513","targetHints":{"allow":["GET"]}}],"collection":[{"href":"https:\/\/it.elds.org\/gesu-cristo-org\/wp-json\/wp\/v2\/posts"}],"about":[{"href":"https:\/\/it.elds.org\/gesu-cristo-org\/wp-json\/wp\/v2\/types\/post"}],"author":[{"embeddable":true,"href":"https:\/\/it.elds.org\/gesu-cristo-org\/wp-json\/wp\/v2\/users\/46"}],"replies":[{"embeddable":true,"href":"https:\/\/it.elds.org\/gesu-cristo-org\/wp-json\/wp\/v2\/comments?post=1513"}],"version-history":[{"count":9,"href":"https:\/\/it.elds.org\/gesu-cristo-org\/wp-json\/wp\/v2\/posts\/1513\/revisions"}],"predecessor-version":[{"id":5713,"href":"https:\/\/it.elds.org\/gesu-cristo-org\/wp-json\/wp\/v2\/posts\/1513\/revisions\/5713"}],"wp:featuredmedia":[{"embeddable":true,"href":"https:\/\/it.elds.org\/gesu-cristo-org\/wp-json\/wp\/v2\/media\/5711"}],"wp:attachment":[{"href":"https:\/\/it.elds.org\/gesu-cristo-org\/wp-json\/wp\/v2\/media?parent=1513"}],"wp:term":[{"taxonomy":"category","embeddable":true,"href":"https:\/\/it.elds.org\/gesu-cristo-org\/wp-json\/wp\/v2\/categories?post=1513"},{"taxonomy":"post_tag","embeddable":true,"href":"https:\/\/it.elds.org\/gesu-cristo-org\/wp-json\/wp\/v2\/tags?post=1513"}],"curies":[{"name":"wp","href":"https:\/\/api.w.org\/{rel}","templated":true}]}}