{"id":1761,"date":"2013-08-24T16:01:57","date_gmt":"2013-08-24T14:01:57","guid":{"rendered":"http:\/\/it.elds.org\/gesu-cristo-org\/?p=1761"},"modified":"2018-07-31T15:31:32","modified_gmt":"2018-07-31T13:31:32","slug":"riflessioni-sulla-conferenza-generale-sug-signore-io-credo","status":"publish","type":"post","link":"https:\/\/it.elds.org\/gesu-cristo-org\/2013\/08\/24\/riflessioni-sulla-conferenza-generale-sug-signore-io-credo\/","title":{"rendered":"Riflessioni sulla Conferenza Generale SUG: Signore, io credo"},"content":{"rendered":"<p><span lang=\"it-IT\"><a href=\"https:\/\/it.elds.org\/gesu-cristo-org\/files\/2013\/08\/Ges\u00f9-e-i-bambini.jpg\"><img fetchpriority=\"high\" fetchpriority=\"high\" decoding=\"async\" class=\"aligncenter size-full wp-image-5879\" src=\"https:\/\/it.elds.org\/gesu-cristo-org\/files\/2013\/08\/Ges\u00f9-e-i-bambini.jpg\" alt=\"\" width=\"948\" height=\"542\" srcset=\"https:\/\/it.elds.org\/gesu-cristo-org\/files\/2013\/08\/Ges\u00f9-e-i-bambini.jpg 948w, https:\/\/it.elds.org\/gesu-cristo-org\/files\/2013\/08\/Ges\u00f9-e-i-bambini-300x172.jpg 300w, https:\/\/it.elds.org\/gesu-cristo-org\/files\/2013\/08\/Ges\u00f9-e-i-bambini-768x439.jpg 768w\" sizes=\"(max-width: 948px) 100vw, 948px\" \/><\/a>Io credo. Durante il primo fine settimana di Aprile e il primo fine settimana di Ottobre, di ogni anno, la Chiesa di Ges\u00f9 Cristo dei Santi degli Ultimi Giorni svolge la propria rispettiva Conferenza generale annuale e semestrale della Chiesa. <\/span><\/p>\n<p><span lang=\"it-IT\">Ogni sessione della Conferenza \u00e8 piena di messaggi edificanti e di grande ispirazione, nella parola e nel canto, che forniscono nutrimento per l&#8217;anima affamata, e un fresco drink rinfrescante dalle sorgenti di acqua viva.<\/span><\/p>\n<p>Durante l&#8217;ascolto dei messaggi presentati durante la 183\u00b0 <a href=\"https:\/\/it.elds.org\/gesu-cristo-org\/2017\/08\/17\/eccezionali-discorsi-chiesa-mormone\/\" rel=\"\">Conferenza Generale annuale della Chiesa di Ges\u00f9 Cristo<\/a>, nel mese di Aprile 2013, \u00e8 stato tenuto un particolare discorso, da uno dei membri del Quorum dei Dodici Apostoli (il secondo gruppo che presiede all&#8217;interno della Chiesa SUG) Jeffrey R. Holland, durante la sessione pomeridiana della Domenica, che sembrava risuonare come non mai, nella mia anima. Il titolo del suo messaggio era \u201cSignore, io credo\u201d.<\/p>\n<h2><span lang=\"it-IT\">&#8220;Se puoi tu credere&#8230;&#8221;<\/span><\/h2>\n<p>Nel suo Vangelo, Marco racconta la storia di un padre amorevole che, forse, in preda alla disperazione finale, porta il suo figlio &#8220;che ha uno spirito muto&#8221;, all&#8217;unto del Signore, supplicandolo di avere piet\u00e0 e guarire suo figlio. Il racconto si trova in Marco 9:17-24:<\/p>\n<p>\u201cE uno della folla gli rispose: Maestro, io t&#8217;ho menato il mio figliuolo che ha uno spirito muto; e dovunque esso lo prende, lo atterra; ed egli schiuma, stride dei denti e rimane stecchito.<\/p>\n<p>Ho detto a&#8217; tuoi discepoli che lo cacciassero, ma non hanno potuto. E Ges\u00f9, rispondendo, disse loro: O generazione incredula! Fino a quando sar\u00f2 io con voi?<\/p>\n<p>Fino a quando vi sopporter\u00f2? Menatemelo. E glielo menarono; e come vide Ges\u00f9, subito lo spirito lo torse in convulsione; e caduto in terra, si rotolava schiumando. E Ges\u00f9 domand\u00f2 al padre: Da quanto tempo gli avviene questo?<\/p>\n<p>Ed egli disse: Dalla sua infanzia e spesse volte l&#8217;ha gettato anche nel fuoco e nell&#8217;acqua per farlo perire; ma tu, se ci puoi qualcosa, abbi piet\u00e0 di noi ed aiutaci. E Ges\u00f9: Dici: Se puoi?! Ogni cosa \u00e8 possibile a chi crede. E subito il padre del fanciullo esclam\u00f2: Io credo; sovvieni alla mia incredulit\u00e0\u201d.<\/p>\n<h2><span lang=\"it-IT\">&#8220;Se tu puoi qualcosa, abbi piet\u00e0 di noi&#8221;<\/span><\/h2>\n<p><a href=\"http:\/\/it.elds.org\/gesu-cristo-org\/files\/2011\/09\/Ges\u00f9-prega-nel-Getsemani.jpg\"><img decoding=\"async\" class=\"wp-image-714 alignleft\" title=\"abbi piet\u00e0 di noi\" src=\"http:\/\/it.elds.org\/gesu-cristo-org\/files\/2011\/09\/Ges\u00f9-prega-nel-Getsemani.jpg\" alt=\"getsemani\" width=\"410\" height=\"538\" srcset=\"https:\/\/it.elds.org\/gesu-cristo-org\/files\/2011\/09\/Ges\u00f9-prega-nel-Getsemani.jpg 610w, https:\/\/it.elds.org\/gesu-cristo-org\/files\/2011\/09\/Ges\u00f9-prega-nel-Getsemani-228x300.jpg 228w\" sizes=\"(max-width: 410px) 100vw, 410px\" \/><\/a>Era Amelia Barr, una scrittrice di romanzi britannica, che una volta ha detto: &#8220;E&#8217; solo nel dolore e nel cattivo tempo che impariamo. Nella gioia affrontiamo la tempesta e la sfidiamo.&#8221;<\/p>\n<p>Ripensando a Lunedi, 12 Aprile 2010, credo di aver avuto una certa comprensione su quanto Amelia Barr cercava di trasmettere, nella sua dichiarazione.<\/p>\n<p>Perch\u00e9 fu in quel giorno che i venti di tempesta infuriavano e la gioia si trasform\u00f2 improvvisamente in dolore.<\/p>\n<p>Ero in vacanza in Utah, in quel momento, e mi stavo godendo la compagnia dei miei ospiti nella loro casa a Cache Valley. Il giorno era iniziato come un giorno qualsiasi.<\/p>\n<p>Mi alzai dal mio sonno, ringraziai il Signore per un altro giorno, feci la doccia, mi vestii, feci colazione con i miei ospiti e facemmo i piani per la giornata.<\/p>\n<p>Non avrei mai potuto immaginare che nel giro di poche ore, la mia famiglia avrebbe sperimentato un drammatico evento che ci avrebbe cambiato la vita.<\/p>\n<p>Mentre rientravo in casa, con loro, intorno a mezzogiorno, ho ricevuto una telefonata da mio cognato, che viveva a Manassas, in Virginia. Sentivo l&#8217;ansia, la frustrazione e l&#8217;urgenza nella sua voce, che c&#8217;era qualcosa di seriamente sbagliato.<\/p>\n<p>Aveva chiamato per informarmi che la vita della pi\u00f9 grande delle miei due sorelle (ella aveva 46 anni all&#8217;epoca) era in bilico. A quel tempo, loro erano sposati da 19 anni e il loro bambino ne aveva 11.<\/p>\n<p>Avevo appena parlato con mia sorella un paio di giorni prima di quello, il Sabato, 10 Aprile del 2010.<\/p>\n<p>Avrei potuto dire, dalla sua voce, che era stanca e forse anche un po&#8217; preoccupata per qualcosa, forse su qualche decisione importante, sulla sua situazione di disoccupazione, la sua famiglia o un qualsiasi numero di altre cose, ma non ci ho fatto molto caso.<\/p>\n<p>Abbiamo parlato per qualche minuto e la conversazione si \u00e8 conclusa con lei che mi diceva che mi avrebbe chiamato la settimana successiva. Come avrei potuto sapere che la conversazione che abbiamo avuto quel pomeriggio, sarebbe forse stata l&#8217;ultima?<\/p>\n<p>Mia sorella era andata nell&#8217;ambulatorio del medico, quella mattina, per quella che avrebbe dovuto essere una procedura medica &#8220;di routine&#8221;. Tuttavia, nel corso della procedura, ha sofferto di gravi complicazioni che hanno provocato un arresto al suo sistema respiratorio.<\/p>\n<p>Mentre tutto questo accadeva, ella ha sofferto della mancanza di ossigeno.<\/p>\n<p>Mio cognato mi ha riferito che, al momento in cui lei era ricoverata in un vicino ospedale, riusciva a fare solo 2-3 respiri al minuto, da sola.<\/p>\n<p>La voce all&#8217;altro capo del telefono era frenetica e mi stava supplicando di arrivare in ospedale il pi\u00f9 velocemente possibile, ma mia sorella giaceva inerme in un ospedale a Fairfax, in Virginia, ed io ero a molte miglia di distanza, a Logan, nello Utah.<\/p>\n<p>Le probabilit\u00e0 che avevo, di prendere un volo per essere l\u00ec, al suo fianco, in qualunque momento, al pi\u00f9 presto, sembrava essere una cosa impossibile. Anche se ero in compagnia di cari amici, in quel momento, non credo che io mi sia mai sentita cos\u00ec impotente e cos\u00ec sola.<\/p>\n<p>Io credo. Quando sono tornata a casa dei miei amici, ho chiamato subito mia sorella minore per informarla di quello che era successo.<\/p>\n<p>Mentre stavo parlando con mia sorella, uno dei miei amici guardava i numeri di telefono per i templi di Logan e Salt Lake, in modo che potessi chiamare e avere mia sorella e il nome della sua famiglia, inserito durante le cerimonie di preghiera.<\/p>\n<p>Anche se non potevo essere fisicamente accanto al letto di mia sorella, in quel momento, c&#8217;era una cosa che ero in grado di fare ed era parlare al mio Padre celeste, in preghiera sincera, e chiamare i miei familiari, per chiedere loro di fare lo stesso.<\/p>\n<p>Io credo che, in quel momento, avrei potuto capire come si sentiva il padre, nel racconto di Marco, e cosa deve aver provato, e avrei voluto gridare: &#8220;Se tu puoi qualcosa, abbi piet\u00e0 di noi e aiutaci\u201d.<\/p>\n<p>Ero davvero preoccupata per mia sorella e di come sarebbero andate le cose, ma quando ho iniziato a comunicare con il Signore, nella preghiera ardente per la situazione, c&#8217;era una pace, una tranquillit\u00e0 e una sicurezza, che sono arrivate su di me, per ricordarmi che &#8220;&#8230; tutte le cose cooperano al bene di quelli che amano Dio, i quali sono chiamati secondo il suo disegno&#8221; (Romani 8:28).<\/p>\n<p>N\u00e9 io, n\u00e9 la mia famiglia, forse, avevamo capito perch\u00e9 tutto questo stesse accadendo, ma una cosa che sapevamo per certo \u00e8 che Dio ha sempre uno scopo e un piano per tutte le cose che accadono nella nostra vita.<\/p>\n<p>A causa di quella sicurezza e di quella calma, sono stata in grado di continuare per tutto il giorno e riposare tranquillamente la notte, sapendo che Dio aveva la situazione totalmente nel Suo controllo. Egli aveva davvero compassione di noi e poteva aiutarci, ricordandoci che Egli aveva il controllo totale.<\/p>\n<p>La mattina dopo, ho ricevuto una telefonata da parte del mio fratello maggiore, che mi informava che i medici non avevano dato a nostra sorella molta speranza di sopravvivere. Il suo respiro era totalmente controllato e regolato da un respiratore, aveva un tubo di alimentazione e non rispondeva a niente e nessuno.<\/p>\n<p>La relazione dei medici era che si sarebbe trovata in uno stato vegetativo, per il resto della sua vita.<\/p>\n<p>Hanno riferito anche che ci si poteva aspettare che lei respirasse con il respiratore, per almeno 6 mesi o pi\u00f9, e hanno fortemente incoraggiato mio cognato a staccare la spina e farla finita. Quella era la relazione e la diagnosi dei medici, ma Ges\u00f9 che \u00e8 il Maestro dei Medici, aveva detto altrimenti.<\/p>\n<h2><span lang=\"it-IT\">&#8220;Signore, io credo, sovvieni alla mia incredulit\u00e0&#8221;<\/span><\/h2>\n<p><a href=\"http:\/\/it.elds.org\/gesu-cristo-org\/files\/2014\/09\/Ges\u00f9-e-Pietro-camminano-sullacqua.jpg\"><img decoding=\"async\" class=\"aligncenter wp-image-2281\" title=\"Ges\u00f9 solleva Pietro\" src=\"http:\/\/it.elds.org\/gesu-cristo-org\/files\/2014\/09\/Ges\u00f9-e-Pietro-camminano-sullacqua.jpg\" alt=\"io credo\" width=\"650\" height=\"488\" srcset=\"https:\/\/it.elds.org\/gesu-cristo-org\/files\/2014\/09\/Ges\u00f9-e-Pietro-camminano-sullacqua.jpg 800w, https:\/\/it.elds.org\/gesu-cristo-org\/files\/2014\/09\/Ges\u00f9-e-Pietro-camminano-sullacqua-300x225.jpg 300w\" sizes=\"(max-width: 650px) 100vw, 650px\" \/><\/a>Io credo. Rimasi in Utah fino al fine settimana e, poi, tornai a casa, nel Maryland, e appena potei, andai in ospedale a trovare mia sorella.<\/p>\n<p>Quando entrai nella sua stanza d&#8217;ospedale, il mio cuore veniva affondato, mentre i miei occhi fisici vedevano tutte le diverse macchine che venivano utilizzate, per sostenere la sua vita. Il sentimento di disperazione e di solitudine torn\u00f2.<\/p>\n<p>La mia mente era inondata da pensieri come: &#8220;Se solo potessi prendere il dolore e la sofferenza, per lei&#8221;, &#8220;Se solo potessi portare indietro le lancette del tempo di soli pochi giorni, prima che tutto questo accadesse, sarebbe andato tutto bene&#8221;.<\/p>\n<p>E&#8217; stato in quel momento che il Signore mi ha ricordato che il mio obiettivo non era nel posto giusto. Stavo permettendo ai miei occhi fisici di dirmi come dovevo sentirmi e non esercitavo la mia fede, guardando la situazione da una prospettiva eterna.<\/p>\n<p>Il Signore mi fece sapere che, anche se sembrava che le macchine sostenessero la vita di mia sorella, la verit\u00e0 della questione era che il Signore era il donatore e il sostenitore della vita che ella aveva.<\/p>\n<p>Era come se potessi sentire il Salvatore dirmi, in quel momento: &#8220;Se tu puoi credere, ogni cosa \u00e8 possibile a chi crede&#8221;. E so che la mia risposta \u00e8 stata: &#8220;Signore, io credo, sovvieni alla mia incredulit\u00e0&#8221;.<\/p>\n<p>Mi \u00e8 stato poi ricordato l&#8217;espiazione del nostro Signore e Salvatore Ges\u00f9 Cristo.<\/p>\n<p>Duemila anni fa, un amorevole Salvatore vide che eravamo tutti sofferenti e con un disperato bisogno di guarigione. Sapeva che non c&#8217;era nulla che potessimo fare per conto nostro, per farci stare di nuovo insieme.<\/p>\n<p>A causa del Suo grande amore per noi, Suoi figli, non voleva che soffrissimo di dolore e agonia, e cos\u00ec ha preso tutte le nostre malattie, tutto il nostro dolore, tutta la nostra sofferenza ed anche la nostra sentenza di morte su di s\u00e9.<\/p>\n<p>Egli prese ci\u00f2 che era sofferente e distrutto e, come il balsamo di guarigione di Gilead, rimise tutto insieme.<\/p>\n<p>Tre anni sono ormai andati e venuti e la mia amata sorella rimane in stato vegetativo, in una casa di cura specializzata in Arlington, Virginia.<\/p>\n<p>Credo davvero che la nostra obbedienza al Signore, il digiuno e la preghiera sincera, e l&#8217;amore eterno, la compassione e la sorprendente grazia del Signore, abbiano permesso a mia sorella di essere ancora con noi, in questo momento.<\/p>\n<p>Ella non pu\u00f2 essere in grado di risponderci in modo udibile e con il suo solito sorriso, ma io credo che ella \u00e8 a conoscenza dell&#8217;amore della famiglia che la circonda e le continue preghiere che vengono offerte ogni giorno, per lei.<\/p>\n<p>Alcuni possono guardare un incidente come questo e vederlo come una grave battuta d&#8217;arresto, nella vita. Alcuni, dovendo affrontare queste prove e queste avversit\u00e0, potrebbero alzare le mani e perdere ogni speranza.<\/p>\n<p>Ma mi viene in mente le parole di mia sorella, che ha scritto in uno dei suoi ultimi messaggi, prima che tutto questo si verificasse. Ha scritto:<\/p>\n<p>\u201cAlcuni ci hanno detto di rinunciare. Ho detto &#8220;Rinunciare a cosa, DIO?\u201d La mia domanda per loro \u00e8: Dio ha rinunciato a noi? Non ha portato la croce, non \u00e8 stato inchiodato ad essa, non ha sofferto per tutta la notte, non \u00e8 stato trafitto nel suo costato, non \u00e8 forse morto per i loro peccati o per i miei? Rinunciare non \u00e8 un&#8217;opzione.\u201d<\/p>\n<p>Alle Sue parole aggiungo un AMEN, fortemente! Rinunciare per me, n\u00e9 per nessuno dei miei familiari \u00e8 un&#8217;opzione. Il Signore si \u00e8 preso cura dei nostri amati e di tutti noi, per lasciarci adesso.<\/p>\n<p>Io credo. Egli non ha mai rinunciato a noi e noi non siamo in procinto di rinunciare a Lui. Sento ancora il Maestro che dice: &#8220;Se tu puoi credere, ogni cosa \u00e8 possibile a chi crede&#8221;.<\/p>\n<p><iframe width=\"1080\" height=\"608\" src=\"https:\/\/www.youtube.com\/embed\/2nPY22FoDpY?wmode=transparent&amp;rel=0&amp;feature=oembed\" frameborder=\"0\" gesture=\"media\" allow=\"encrypted-media\" allowfullscreen><\/iframe><\/p>\n","protected":false},"excerpt":{"rendered":"<p>Signore, io credo in Te. A causa del Suo grande amore per noi, Suoi figli, non voleva che soffrissimo di dolore e agonia in eterno<\/p>\n","protected":false},"author":46,"featured_media":5879,"comment_status":"open","ping_status":"closed","sticky":false,"template":"","format":"standard","meta":{"_et_pb_use_builder":"","_et_pb_old_content":"","_et_gb_content_width":"","_monsterinsights_skip_tracking":false,"_monsterinsights_sitenote_active":false,"_monsterinsights_sitenote_note":"","_monsterinsights_sitenote_category":0,"ngg_post_thumbnail":0,"footnotes":""},"categories":[416],"tags":[990],"class_list":["post-1761","post","type-post","status-publish","format-standard","has-post-thumbnail","hentry","category-fede","tag-fede-in-dio"],"yoast_head":"<!-- This site is optimized with the Yoast SEO plugin v27.4 - https:\/\/yoast.com\/product\/yoast-seo-wordpress\/ -->\n<title>Riflessioni sulla Conferenza Generale SUG: Signore, io credo<\/title>\n<meta name=\"description\" content=\"Signore, io credo in Te. A causa del Suo grande amore per noi, Suoi figli, non voleva che soffrissimo di dolore e agonia in eterno\" \/>\n<meta name=\"robots\" content=\"index, follow, max-snippet:-1, max-image-preview:large, max-video-preview:-1\" \/>\n<link rel=\"canonical\" href=\"https:\/\/it.elds.org\/gesu-cristo-org\/2013\/08\/24\/riflessioni-sulla-conferenza-generale-sug-signore-io-credo\/\" \/>\n<meta property=\"og:locale\" content=\"it_IT\" \/>\n<meta property=\"og:type\" content=\"article\" \/>\n<meta property=\"og:title\" content=\"Riflessioni sulla Conferenza Generale SUG: Signore, io credo\" \/>\n<meta property=\"og:description\" content=\"Signore, io credo in Te. A causa del Suo grande amore per noi, Suoi figli, non voleva che soffrissimo di dolore e agonia in eterno\" \/>\n<meta property=\"og:url\" content=\"https:\/\/it.elds.org\/gesu-cristo-org\/2013\/08\/24\/riflessioni-sulla-conferenza-generale-sug-signore-io-credo\/\" \/>\n<meta property=\"og:site_name\" content=\"gesucristo.org\" \/>\n<meta property=\"article:published_time\" content=\"2013-08-24T14:01:57+00:00\" \/>\n<meta property=\"article:modified_time\" content=\"2018-07-31T13:31:32+00:00\" \/>\n<meta property=\"og:image\" content=\"https:\/\/it.elds.org\/gesu-cristo-org\/files\/2013\/08\/Ges\u00f9-e-i-bambini.jpg\" \/>\n\t<meta property=\"og:image:width\" content=\"948\" \/>\n\t<meta property=\"og:image:height\" content=\"542\" \/>\n\t<meta property=\"og:image:type\" content=\"image\/jpeg\" \/>\n<meta name=\"author\" content=\"collaboratore\" \/>\n<meta name=\"twitter:card\" content=\"summary_large_image\" \/>\n<meta name=\"twitter:label1\" content=\"Scritto da\" \/>\n\t<meta name=\"twitter:data1\" content=\"collaboratore\" \/>\n\t<meta name=\"twitter:label2\" content=\"Tempo di lettura stimato\" \/>\n\t<meta name=\"twitter:data2\" content=\"10 minuti\" \/>\n<script type=\"application\/ld+json\" class=\"yoast-schema-graph\">{\"@context\":\"https:\\\/\\\/schema.org\",\"@graph\":[{\"@type\":\"Article\",\"@id\":\"https:\\\/\\\/it.elds.org\\\/gesu-cristo-org\\\/2013\\\/08\\\/24\\\/riflessioni-sulla-conferenza-generale-sug-signore-io-credo\\\/#article\",\"isPartOf\":{\"@id\":\"https:\\\/\\\/it.elds.org\\\/gesu-cristo-org\\\/2013\\\/08\\\/24\\\/riflessioni-sulla-conferenza-generale-sug-signore-io-credo\\\/\"},\"author\":{\"name\":\"collaboratore\",\"@id\":\"https:\\\/\\\/it.elds.org\\\/gesu-cristo-org\\\/#\\\/schema\\\/person\\\/9f9faa532ad696ec68671c3e957b6ce9\"},\"headline\":\"Riflessioni sulla Conferenza Generale SUG: Signore, io credo\",\"datePublished\":\"2013-08-24T14:01:57+00:00\",\"dateModified\":\"2018-07-31T13:31:32+00:00\",\"mainEntityOfPage\":{\"@id\":\"https:\\\/\\\/it.elds.org\\\/gesu-cristo-org\\\/2013\\\/08\\\/24\\\/riflessioni-sulla-conferenza-generale-sug-signore-io-credo\\\/\"},\"wordCount\":1940,\"commentCount\":0,\"image\":{\"@id\":\"https:\\\/\\\/it.elds.org\\\/gesu-cristo-org\\\/2013\\\/08\\\/24\\\/riflessioni-sulla-conferenza-generale-sug-signore-io-credo\\\/#primaryimage\"},\"thumbnailUrl\":\"https:\\\/\\\/it.elds.org\\\/gesu-cristo-org\\\/files\\\/2013\\\/08\\\/Ges\u00f9-e-i-bambini.jpg\",\"keywords\":[\"fede in dio\"],\"articleSection\":[\"Fede\"],\"inLanguage\":\"it-IT\",\"potentialAction\":[{\"@type\":\"CommentAction\",\"name\":\"Comment\",\"target\":[\"https:\\\/\\\/it.elds.org\\\/gesu-cristo-org\\\/2013\\\/08\\\/24\\\/riflessioni-sulla-conferenza-generale-sug-signore-io-credo\\\/#respond\"]}]},{\"@type\":\"WebPage\",\"@id\":\"https:\\\/\\\/it.elds.org\\\/gesu-cristo-org\\\/2013\\\/08\\\/24\\\/riflessioni-sulla-conferenza-generale-sug-signore-io-credo\\\/\",\"url\":\"https:\\\/\\\/it.elds.org\\\/gesu-cristo-org\\\/2013\\\/08\\\/24\\\/riflessioni-sulla-conferenza-generale-sug-signore-io-credo\\\/\",\"name\":\"Riflessioni sulla Conferenza Generale SUG: Signore, io credo\",\"isPartOf\":{\"@id\":\"https:\\\/\\\/it.elds.org\\\/gesu-cristo-org\\\/#website\"},\"primaryImageOfPage\":{\"@id\":\"https:\\\/\\\/it.elds.org\\\/gesu-cristo-org\\\/2013\\\/08\\\/24\\\/riflessioni-sulla-conferenza-generale-sug-signore-io-credo\\\/#primaryimage\"},\"image\":{\"@id\":\"https:\\\/\\\/it.elds.org\\\/gesu-cristo-org\\\/2013\\\/08\\\/24\\\/riflessioni-sulla-conferenza-generale-sug-signore-io-credo\\\/#primaryimage\"},\"thumbnailUrl\":\"https:\\\/\\\/it.elds.org\\\/gesu-cristo-org\\\/files\\\/2013\\\/08\\\/Ges\u00f9-e-i-bambini.jpg\",\"datePublished\":\"2013-08-24T14:01:57+00:00\",\"dateModified\":\"2018-07-31T13:31:32+00:00\",\"author\":{\"@id\":\"https:\\\/\\\/it.elds.org\\\/gesu-cristo-org\\\/#\\\/schema\\\/person\\\/9f9faa532ad696ec68671c3e957b6ce9\"},\"description\":\"Signore, io credo in Te. A causa del Suo grande amore per noi, Suoi figli, non voleva che soffrissimo di dolore e agonia in eterno\",\"breadcrumb\":{\"@id\":\"https:\\\/\\\/it.elds.org\\\/gesu-cristo-org\\\/2013\\\/08\\\/24\\\/riflessioni-sulla-conferenza-generale-sug-signore-io-credo\\\/#breadcrumb\"},\"inLanguage\":\"it-IT\",\"potentialAction\":[{\"@type\":\"ReadAction\",\"target\":[\"https:\\\/\\\/it.elds.org\\\/gesu-cristo-org\\\/2013\\\/08\\\/24\\\/riflessioni-sulla-conferenza-generale-sug-signore-io-credo\\\/\"]}]},{\"@type\":\"ImageObject\",\"inLanguage\":\"it-IT\",\"@id\":\"https:\\\/\\\/it.elds.org\\\/gesu-cristo-org\\\/2013\\\/08\\\/24\\\/riflessioni-sulla-conferenza-generale-sug-signore-io-credo\\\/#primaryimage\",\"url\":\"https:\\\/\\\/it.elds.org\\\/gesu-cristo-org\\\/files\\\/2013\\\/08\\\/Ges\u00f9-e-i-bambini.jpg\",\"contentUrl\":\"https:\\\/\\\/it.elds.org\\\/gesu-cristo-org\\\/files\\\/2013\\\/08\\\/Ges\u00f9-e-i-bambini.jpg\",\"width\":948,\"height\":542},{\"@type\":\"BreadcrumbList\",\"@id\":\"https:\\\/\\\/it.elds.org\\\/gesu-cristo-org\\\/2013\\\/08\\\/24\\\/riflessioni-sulla-conferenza-generale-sug-signore-io-credo\\\/#breadcrumb\",\"itemListElement\":[{\"@type\":\"ListItem\",\"position\":1,\"name\":\"Home\",\"item\":\"https:\\\/\\\/it.elds.org\\\/gesu-cristo-org\\\/\"},{\"@type\":\"ListItem\",\"position\":2,\"name\":\"Riflessioni sulla Conferenza Generale SUG: Signore, io credo\"}]},{\"@type\":\"WebSite\",\"@id\":\"https:\\\/\\\/it.elds.org\\\/gesu-cristo-org\\\/#website\",\"url\":\"https:\\\/\\\/it.elds.org\\\/gesu-cristo-org\\\/\",\"name\":\"gesucristo.org\",\"description\":\"Il sito gesucristo.org offre una visione allargata del vangelo restaurato di Ges\u00f9 Cristo e di come possiamo usarlo per vincere le sfide degli ultimi giorni, con consigli, esempi e storie edificanti.\",\"potentialAction\":[{\"@type\":\"SearchAction\",\"target\":{\"@type\":\"EntryPoint\",\"urlTemplate\":\"https:\\\/\\\/it.elds.org\\\/gesu-cristo-org\\\/?s={search_term_string}\"},\"query-input\":{\"@type\":\"PropertyValueSpecification\",\"valueRequired\":true,\"valueName\":\"search_term_string\"}}],\"inLanguage\":\"it-IT\"},{\"@type\":\"Person\",\"@id\":\"https:\\\/\\\/it.elds.org\\\/gesu-cristo-org\\\/#\\\/schema\\\/person\\\/9f9faa532ad696ec68671c3e957b6ce9\",\"name\":\"collaboratore\",\"image\":{\"@type\":\"ImageObject\",\"inLanguage\":\"it-IT\",\"@id\":\"https:\\\/\\\/secure.gravatar.com\\\/avatar\\\/68ea6b338e1482bc760fb2dde30ab4a53d2b8af708975f664a091b0208c05535?s=96&d=mm&r=g\",\"url\":\"https:\\\/\\\/secure.gravatar.com\\\/avatar\\\/68ea6b338e1482bc760fb2dde30ab4a53d2b8af708975f664a091b0208c05535?s=96&d=mm&r=g\",\"contentUrl\":\"https:\\\/\\\/secure.gravatar.com\\\/avatar\\\/68ea6b338e1482bc760fb2dde30ab4a53d2b8af708975f664a091b0208c05535?s=96&d=mm&r=g\",\"caption\":\"collaboratore\"},\"description\":\"Pi\u00f9fede.it ha lo scopo di fornire informazioni corrette ed edificanti sulla Chiesa di Ges\u00f9 Cristo dei Santi degli Ultimi Giorni. Non \u00e8 un sito internet ufficiale della Chiesa, n\u00e9 rappresenta necessariamente la posizione della Chiesa. Il sito internet \u00e8 gestito da comuni membri della Chiesa che vogliono condividere con gli altri il bene che deriva dal Vangelo restaurato di Ges\u00f9 Cristo. Questo articolo \u00e8 stato scritto o tradotto da uno dei nostri volontari. Se siete interessati a contribuire con i vostri testi (oppure video, grafica ecc), per favore contattaci.\",\"url\":\"https:\\\/\\\/it.elds.org\\\/gesu-cristo-org\\\/author\\\/collaboratore\\\/\"}]}<\/script>\n<!-- \/ Yoast SEO plugin. -->","yoast_head_json":{"title":"Riflessioni sulla Conferenza Generale SUG: Signore, io credo","description":"Signore, io credo in Te. A causa del Suo grande amore per noi, Suoi figli, non voleva che soffrissimo di dolore e agonia in eterno","robots":{"index":"index","follow":"follow","max-snippet":"max-snippet:-1","max-image-preview":"max-image-preview:large","max-video-preview":"max-video-preview:-1"},"canonical":"https:\/\/it.elds.org\/gesu-cristo-org\/2013\/08\/24\/riflessioni-sulla-conferenza-generale-sug-signore-io-credo\/","og_locale":"it_IT","og_type":"article","og_title":"Riflessioni sulla Conferenza Generale SUG: Signore, io credo","og_description":"Signore, io credo in Te. A causa del Suo grande amore per noi, Suoi figli, non voleva che soffrissimo di dolore e agonia in eterno","og_url":"https:\/\/it.elds.org\/gesu-cristo-org\/2013\/08\/24\/riflessioni-sulla-conferenza-generale-sug-signore-io-credo\/","og_site_name":"gesucristo.org","article_published_time":"2013-08-24T14:01:57+00:00","article_modified_time":"2018-07-31T13:31:32+00:00","og_image":[{"width":948,"height":542,"url":"https:\/\/it.elds.org\/gesu-cristo-org\/files\/2013\/08\/Ges\u00f9-e-i-bambini.jpg","type":"image\/jpeg"}],"author":"collaboratore","twitter_card":"summary_large_image","twitter_misc":{"Scritto da":"collaboratore","Tempo di lettura stimato":"10 minuti"},"schema":{"@context":"https:\/\/schema.org","@graph":[{"@type":"Article","@id":"https:\/\/it.elds.org\/gesu-cristo-org\/2013\/08\/24\/riflessioni-sulla-conferenza-generale-sug-signore-io-credo\/#article","isPartOf":{"@id":"https:\/\/it.elds.org\/gesu-cristo-org\/2013\/08\/24\/riflessioni-sulla-conferenza-generale-sug-signore-io-credo\/"},"author":{"name":"collaboratore","@id":"https:\/\/it.elds.org\/gesu-cristo-org\/#\/schema\/person\/9f9faa532ad696ec68671c3e957b6ce9"},"headline":"Riflessioni sulla Conferenza Generale SUG: Signore, io credo","datePublished":"2013-08-24T14:01:57+00:00","dateModified":"2018-07-31T13:31:32+00:00","mainEntityOfPage":{"@id":"https:\/\/it.elds.org\/gesu-cristo-org\/2013\/08\/24\/riflessioni-sulla-conferenza-generale-sug-signore-io-credo\/"},"wordCount":1940,"commentCount":0,"image":{"@id":"https:\/\/it.elds.org\/gesu-cristo-org\/2013\/08\/24\/riflessioni-sulla-conferenza-generale-sug-signore-io-credo\/#primaryimage"},"thumbnailUrl":"https:\/\/it.elds.org\/gesu-cristo-org\/files\/2013\/08\/Ges\u00f9-e-i-bambini.jpg","keywords":["fede in dio"],"articleSection":["Fede"],"inLanguage":"it-IT","potentialAction":[{"@type":"CommentAction","name":"Comment","target":["https:\/\/it.elds.org\/gesu-cristo-org\/2013\/08\/24\/riflessioni-sulla-conferenza-generale-sug-signore-io-credo\/#respond"]}]},{"@type":"WebPage","@id":"https:\/\/it.elds.org\/gesu-cristo-org\/2013\/08\/24\/riflessioni-sulla-conferenza-generale-sug-signore-io-credo\/","url":"https:\/\/it.elds.org\/gesu-cristo-org\/2013\/08\/24\/riflessioni-sulla-conferenza-generale-sug-signore-io-credo\/","name":"Riflessioni sulla Conferenza Generale SUG: Signore, io credo","isPartOf":{"@id":"https:\/\/it.elds.org\/gesu-cristo-org\/#website"},"primaryImageOfPage":{"@id":"https:\/\/it.elds.org\/gesu-cristo-org\/2013\/08\/24\/riflessioni-sulla-conferenza-generale-sug-signore-io-credo\/#primaryimage"},"image":{"@id":"https:\/\/it.elds.org\/gesu-cristo-org\/2013\/08\/24\/riflessioni-sulla-conferenza-generale-sug-signore-io-credo\/#primaryimage"},"thumbnailUrl":"https:\/\/it.elds.org\/gesu-cristo-org\/files\/2013\/08\/Ges\u00f9-e-i-bambini.jpg","datePublished":"2013-08-24T14:01:57+00:00","dateModified":"2018-07-31T13:31:32+00:00","author":{"@id":"https:\/\/it.elds.org\/gesu-cristo-org\/#\/schema\/person\/9f9faa532ad696ec68671c3e957b6ce9"},"description":"Signore, io credo in Te. A causa del Suo grande amore per noi, Suoi figli, non voleva che soffrissimo di dolore e agonia in eterno","breadcrumb":{"@id":"https:\/\/it.elds.org\/gesu-cristo-org\/2013\/08\/24\/riflessioni-sulla-conferenza-generale-sug-signore-io-credo\/#breadcrumb"},"inLanguage":"it-IT","potentialAction":[{"@type":"ReadAction","target":["https:\/\/it.elds.org\/gesu-cristo-org\/2013\/08\/24\/riflessioni-sulla-conferenza-generale-sug-signore-io-credo\/"]}]},{"@type":"ImageObject","inLanguage":"it-IT","@id":"https:\/\/it.elds.org\/gesu-cristo-org\/2013\/08\/24\/riflessioni-sulla-conferenza-generale-sug-signore-io-credo\/#primaryimage","url":"https:\/\/it.elds.org\/gesu-cristo-org\/files\/2013\/08\/Ges\u00f9-e-i-bambini.jpg","contentUrl":"https:\/\/it.elds.org\/gesu-cristo-org\/files\/2013\/08\/Ges\u00f9-e-i-bambini.jpg","width":948,"height":542},{"@type":"BreadcrumbList","@id":"https:\/\/it.elds.org\/gesu-cristo-org\/2013\/08\/24\/riflessioni-sulla-conferenza-generale-sug-signore-io-credo\/#breadcrumb","itemListElement":[{"@type":"ListItem","position":1,"name":"Home","item":"https:\/\/it.elds.org\/gesu-cristo-org\/"},{"@type":"ListItem","position":2,"name":"Riflessioni sulla Conferenza Generale SUG: Signore, io credo"}]},{"@type":"WebSite","@id":"https:\/\/it.elds.org\/gesu-cristo-org\/#website","url":"https:\/\/it.elds.org\/gesu-cristo-org\/","name":"gesucristo.org","description":"Il sito gesucristo.org offre una visione allargata del vangelo restaurato di Ges\u00f9 Cristo e di come possiamo usarlo per vincere le sfide degli ultimi giorni, con consigli, esempi e storie edificanti.","potentialAction":[{"@type":"SearchAction","target":{"@type":"EntryPoint","urlTemplate":"https:\/\/it.elds.org\/gesu-cristo-org\/?s={search_term_string}"},"query-input":{"@type":"PropertyValueSpecification","valueRequired":true,"valueName":"search_term_string"}}],"inLanguage":"it-IT"},{"@type":"Person","@id":"https:\/\/it.elds.org\/gesu-cristo-org\/#\/schema\/person\/9f9faa532ad696ec68671c3e957b6ce9","name":"collaboratore","image":{"@type":"ImageObject","inLanguage":"it-IT","@id":"https:\/\/secure.gravatar.com\/avatar\/68ea6b338e1482bc760fb2dde30ab4a53d2b8af708975f664a091b0208c05535?s=96&d=mm&r=g","url":"https:\/\/secure.gravatar.com\/avatar\/68ea6b338e1482bc760fb2dde30ab4a53d2b8af708975f664a091b0208c05535?s=96&d=mm&r=g","contentUrl":"https:\/\/secure.gravatar.com\/avatar\/68ea6b338e1482bc760fb2dde30ab4a53d2b8af708975f664a091b0208c05535?s=96&d=mm&r=g","caption":"collaboratore"},"description":"Pi\u00f9fede.it ha lo scopo di fornire informazioni corrette ed edificanti sulla Chiesa di Ges\u00f9 Cristo dei Santi degli Ultimi Giorni. Non \u00e8 un sito internet ufficiale della Chiesa, n\u00e9 rappresenta necessariamente la posizione della Chiesa. Il sito internet \u00e8 gestito da comuni membri della Chiesa che vogliono condividere con gli altri il bene che deriva dal Vangelo restaurato di Ges\u00f9 Cristo. Questo articolo \u00e8 stato scritto o tradotto da uno dei nostri volontari. Se siete interessati a contribuire con i vostri testi (oppure video, grafica ecc), per favore contattaci.","url":"https:\/\/it.elds.org\/gesu-cristo-org\/author\/collaboratore\/"}]}},"_links":{"self":[{"href":"https:\/\/it.elds.org\/gesu-cristo-org\/wp-json\/wp\/v2\/posts\/1761","targetHints":{"allow":["GET"]}}],"collection":[{"href":"https:\/\/it.elds.org\/gesu-cristo-org\/wp-json\/wp\/v2\/posts"}],"about":[{"href":"https:\/\/it.elds.org\/gesu-cristo-org\/wp-json\/wp\/v2\/types\/post"}],"author":[{"embeddable":true,"href":"https:\/\/it.elds.org\/gesu-cristo-org\/wp-json\/wp\/v2\/users\/46"}],"replies":[{"embeddable":true,"href":"https:\/\/it.elds.org\/gesu-cristo-org\/wp-json\/wp\/v2\/comments?post=1761"}],"version-history":[{"count":9,"href":"https:\/\/it.elds.org\/gesu-cristo-org\/wp-json\/wp\/v2\/posts\/1761\/revisions"}],"predecessor-version":[{"id":5882,"href":"https:\/\/it.elds.org\/gesu-cristo-org\/wp-json\/wp\/v2\/posts\/1761\/revisions\/5882"}],"wp:featuredmedia":[{"embeddable":true,"href":"https:\/\/it.elds.org\/gesu-cristo-org\/wp-json\/wp\/v2\/media\/5879"}],"wp:attachment":[{"href":"https:\/\/it.elds.org\/gesu-cristo-org\/wp-json\/wp\/v2\/media?parent=1761"}],"wp:term":[{"taxonomy":"category","embeddable":true,"href":"https:\/\/it.elds.org\/gesu-cristo-org\/wp-json\/wp\/v2\/categories?post=1761"},{"taxonomy":"post_tag","embeddable":true,"href":"https:\/\/it.elds.org\/gesu-cristo-org\/wp-json\/wp\/v2\/tags?post=1761"}],"curies":[{"name":"wp","href":"https:\/\/api.w.org\/{rel}","templated":true}]}}