{"id":2289,"date":"2014-10-08T16:33:55","date_gmt":"2014-10-08T14:33:55","guid":{"rendered":"http:\/\/it.elds.org\/gesu-cristo-org\/?p=2289"},"modified":"2018-07-31T15:26:52","modified_gmt":"2018-07-31T13:26:52","slug":"fede-sotto-assedio","status":"publish","type":"post","link":"https:\/\/it.elds.org\/gesu-cristo-org\/2014\/10\/08\/fede-sotto-assedio\/","title":{"rendered":"Fede sotto assedio: il viaggio attraverso la lunga notte prima dell&#8217;alba"},"content":{"rendered":"<p><a href=\"https:\/\/it.elds.org\/gesu-cristo-org\/files\/2012\/12\/Dalla-paura-alla-fede.jpg\"><img fetchpriority=\"high\" fetchpriority=\"high\" decoding=\"async\" class=\"aligncenter wp-image-5747 size-full\" title=\"fede sotto assedio\" src=\"https:\/\/it.elds.org\/gesu-cristo-org\/files\/2012\/12\/Dalla-paura-alla-fede.jpg\" alt=\"segno di Dio\" width=\"948\" height=\"542\" srcset=\"https:\/\/it.elds.org\/gesu-cristo-org\/files\/2012\/12\/Dalla-paura-alla-fede.jpg 948w, https:\/\/it.elds.org\/gesu-cristo-org\/files\/2012\/12\/Dalla-paura-alla-fede-300x172.jpg 300w, https:\/\/it.elds.org\/gesu-cristo-org\/files\/2012\/12\/Dalla-paura-alla-fede-768x439.jpg 768w\" sizes=\"(max-width: 948px) 100vw, 948px\" \/><\/a>Fede sotto assedio. Il Salmista ha dichiarato nel Salmo 30:5: &#8220;Il pianto pu\u00f2 durare per una notte, ma viene il giubilo del mattino.&#8221;<\/p>\n<p>Anche nei momenti pi\u00f9 profondi di dolore e disperazione, quando pu\u00f2 sembrare che ogni speranza e la fede siano andate, il Salvatore stesso promette: &#8220;Non vi lascer\u00f2 orfani: verr\u00f2 da voi&#8221; (Giovanni 14:18).<\/p>\n<h2>Fede sotto assedio<\/h2>\n<p>Come praticante e credente cristiano, quelle scritture contengono parole di grande pace e conforto.<\/p>\n<p>Tuttavia, devo ammettere che nel corso degli ultimi quattro anni e mezzo, quando sono andato a visitare la pi\u00f9 grande delle mie due sorelle, mentre giaceva in stato vegetativo nella sua stanza in una casa di cura, la mia fede \u00e8 stata messa sotto il fuoco e ci sono stati momenti in cui Dio mi \u00e8 sembrato cos\u00ec lontano.<\/p>\n<p>E&#8217; in quei momenti che il dubbio e la paura sembrano prevalere sulla mia fede. Fede sotto assedio.<\/p>\n<p>Durante il tempo in cui mia sorella \u00e8 stata ricoverata in ospedale, ci sono stati momenti in cui ho sentito un grande stress, l&#8217;angoscia, la rabbia, il dolore, la pena.<\/p>\n<p>A volte, quei sentimenti e quelle emozioni sembrano rotolare come una gigantesca palla.<\/p>\n<p><a href=\"http:\/\/it.elds.org\/gesu-cristo-org\/files\/2014\/08\/Uomo-che-prega.jpg\"><img decoding=\"async\" class=\"alignleft wp-image-2274 size-medium\" title=\"fede sotto assedio\" src=\"https:\/\/it.elds.org\/gesu-cristo-org\/files\/2014\/08\/Uomo-che-prega-300x215.jpg\" alt=\"Uomo che prega\" width=\"300\" height=\"215\" srcset=\"https:\/\/it.elds.org\/gesu-cristo-org\/files\/2014\/08\/Uomo-che-prega-300x215.jpg 300w, https:\/\/it.elds.org\/gesu-cristo-org\/files\/2014\/08\/Uomo-che-prega.jpg 603w\" sizes=\"(max-width: 300px) 100vw, 300px\" \/><\/a>Ho scoperto che \u00e8 in quei momenti che sono pi\u00f9 vulnerabile e, invece di concentrarmi sull&#8217;aspetto spirituale della situazione e rendermi conto che Dio ha il controllo totale, tendo a concentrarmi solo su ci\u00f2 che gli occhi naturali possono vedere e la vista non \u00e8 necessariamente piacevole.<\/p>\n<p>Se mi permetto di concentrarmi sempre su ci\u00f2 che \u00e8 naturale, diventa ben presto pi\u00f9 facile credere che le cose stanno cos\u00ec e che questo \u00e8 il modo in cui le cose dovevano essere e, ahim\u00e8, se quello \u00e8 il caso, non c&#8217;\u00e8 molto da sperare.<\/p>\n<p>Ho sempre ricordato a me stesso che non ho bisogno di portare questo fardello da solo, perch\u00e8 il Salvatore ha ammonito:<\/p>\n<blockquote><p>Venite a me, voi tutti che siete affaticati e oppressi, e io vi dar\u00f2 riposo. Prendete il mio giogo sopra di voi e imparate da me; che sono mite e umile di cuore: e voi troverete riposo alle anime vostre. Il mio giogo infatti \u00e8 dolce e il mio carico \u00e8 leggero (Matteo 11:28-30).<\/p><\/blockquote>\n<p>Fede sotto assedio. Una delle lezioni pi\u00f9 importanti che ho imparato da tutta questa prova \u00e8 che quando la mia fede sembra essere sotto il fuoco, ho bisogno di imparare a fare pi\u00f9 affidamento sul mio Salvatore e a non permettere che i miei sentimenti e le mie emozioni prendano il controllo.<\/p>\n<h2>La sua grazia \u00e8 sufficiente<\/h2>\n<p>Ci sono molte persone che hanno vissuto situazioni simili, nella vita, e che hanno forse fatto domande simili a queste: &#8220;Perch\u00e9 \u00e8 successo al mio amato?&#8221;, \u201cPerch\u00e9 Dio punisce la nostra famiglia?&#8221; o &#8220;Perch\u00e9 Dio permette che accadano cose brutte alle persone buone?\u201d.<\/p>\n<p>Posso onestamente attestare che tali questioni hanno attraversato la mia mente un paio di volte, ma poi mi viene in mente il racconto dell&#8217;apostolo Paolo come registrato in 2 Corinzi 12:7-9:<\/p>\n<blockquote><p>E perch\u00e9 io non avessi ad insuperbire a motivo della eccellenza delle rivelazioni, m&#8217;\u00e8 stata messa una scheggia nella carne, un angelo di Satana, per schiaffeggiarmi ond&#8217;io non insuperbisca.<\/p>\n<p>Tre volte ho pregato il Signore perch\u00e9 l&#8217;allontanasse da me; ed egli mi ha detto: La mia grazia ti basta, perch\u00e9 la mia potenza si dimostra perfetta nella debolezza. Perci\u00f2 molto volentieri mi glorier\u00f2 piuttosto delle mie debolezze, onde la potenza di Cristo riposi su me.<\/p><\/blockquote>\n<p>L&#8217;apostolo Paolo continua nel versetto 10: &#8220;Per questo io mi compiaccio in debolezze, in ingiurie, in necessit\u00e0, in persecuzioni, in angustie per amor di Cristo; perch\u00e9, quando son debole, allora sono forte.&#8221;<\/p>\n<p>Ho anche imparato da questa esperienza che la grazia del Signore \u00e8 sufficiente in tutte le circostanze della vita.<\/p>\n<p>Anche se la mia famiglia ed io abbiamo pregato numerose volte, per un recupero completo o per qualsiasi altro piccolo miracolo, devo rendermi conto che tutte le cose sono fatte nei tempi del Signore, non nei nostri.<\/p>\n<p>Egli ha uno scopo per tenere mia sorella qui, con noi, in questa notte apparentemente senza fine, e so che se continuo a mettere la mia fiducia in Lui, l&#8217;alba \u00e8 appena oltre l&#8217;orizzonte e, come il Salmista ha dichiarato, la gioia arriver\u00e0 al mattino.<\/p>\n<h2>La tenera misericordia del Signore<\/h2>\n<p><a href=\"http:\/\/it.elds.org\/gesu-cristo-org\/files\/2014\/09\/Ges\u00f9-e-Pietro-camminano-sullacqua.jpg\"><img decoding=\"async\" class=\"alignright wp-image-2281 size-medium\" title=\"fede sotto assedio\" src=\"https:\/\/it.elds.org\/gesu-cristo-org\/files\/2014\/09\/Ges\u00f9-e-Pietro-camminano-sullacqua-300x225.jpg\" alt=\"Ges\u00f9 e Pietro camminano sull'acqua\" width=\"300\" height=\"225\" srcset=\"https:\/\/it.elds.org\/gesu-cristo-org\/files\/2014\/09\/Ges\u00f9-e-Pietro-camminano-sullacqua-300x225.jpg 300w, https:\/\/it.elds.org\/gesu-cristo-org\/files\/2014\/09\/Ges\u00f9-e-Pietro-camminano-sullacqua.jpg 800w\" sizes=\"(max-width: 300px) 100vw, 300px\" \/><\/a>Fede sotto assedio. Nel corso degli ultimi quattro anni e mezzo, mi sono reso conto che ci\u00f2 che pu\u00f2 sembrare una situazione disperata \u00e8 effettivamente una benedizione, in molti modi.<\/p>\n<p>Ad esempio, attraverso la tenera misericordia del Signore, Egli ha permesso a mia sorella di essere un testimone silenzioso del Suo amore, della Sua grazia e della Sua misericordia.<\/p>\n<p>Dato che le persone sono venute a farle visita, questo le ha aiutate a rendersi conto che la vita non \u00e8 qualcosa che dovremmo dare per scontata, ma piuttosto che dovremmo amare in ogni momento che il Signore ci porge.<\/p>\n<p>Il Signore ha utilizzato anche questo incidente per aiutare i membri della nostra famiglia a crescere pi\u00f9 vicini, mentre abbiamo imparato a dipendere dai punti di forza di un altro, per aiutarci a sopportare i giorni a venire.<\/p>\n<p>Mi sono imbattuto in una citazione, di recente, che si applica a questa situazione. La citazione dice: &#8220;Le sfide della vita non arrivano per paralizzarti, si suppone che esse debbano aiutarvi a scoprire chi siete.&#8221;<\/p>\n<p>E cos\u00ec, questa situazione mi ha fatto esaminare la mia vita pi\u00f9 strettamente, per scoprire pi\u00f9 pienamente chi sono, ma ancora pi\u00f9 importante, per realizzare pienamente dove mi trovo.<\/p>\n<p>E&#8217; stato anche ribadito che la paura e il dubbio paralizzano, ma la fede incoraggia e aiuta ad andare avanti.<\/p>\n<p>Sto imparando sempre di pi\u00f9, ogni giorno, a mettere la mia fiducia e la fede nelle cose che spero e non riesco a vedere, e non nelle cose che vedo in questo momento. Fede sotto assedio.<\/p>\n<p>Moroni, un profeta del Libro di Mormon, ha esortato:<\/p>\n<blockquote><p>&#8220;Ed ora io, Moroni, vorrei parlare un po&#8217; riguardo a queste cose; vorrei mostrare al mondo che la fede consiste in cose che si sperano e non si vedono; pertanto non disputate perch\u00e9 non vedete, poich\u00e9 non riceverete alcuna testimonianza se non dopo aver dato prova della vostra fede\u201d (<a href=\"https:\/\/www.lds.org\/scriptures\/bofm\/ether\/12.6?lang=ita\" target=\"_blank\" rel=\"noopener\">Ether 12:6<\/a>).<\/p><\/blockquote>\n<p>Pu\u00f2 sembrare che gli ultimi quattro anni e mezzo siano stati un lungo viaggio notturno prima dell&#8217;alba, ma so che il Signore fa tutte le cose secondo il suo tempo e le sue finalit\u00e0.<\/p>\n<p>Non importa quale sia il risultato finale, Egli ha tutto sotto controllo, perch\u00e8 &#8220;L&#8217;Eterno \u00e8 buono verso tutti, e le sue compassioni s&#8217;estendono a tutte le sue opere&#8221; (Salmo 145:9).<\/p>\n","protected":false},"excerpt":{"rendered":"<p>La mia fede \u00e8 stata messa sotto il fuoco e ci sono stati momenti in cui Dio mi \u00e8 sembrato cos\u00ec lontano. <\/p>\n","protected":false},"author":46,"featured_media":2280,"comment_status":"open","ping_status":"closed","sticky":false,"template":"","format":"standard","meta":{"_et_pb_use_builder":"","_et_pb_old_content":"","_et_gb_content_width":"","_monsterinsights_skip_tracking":false,"_monsterinsights_sitenote_active":false,"_monsterinsights_sitenote_note":"","_monsterinsights_sitenote_category":0,"ngg_post_thumbnail":0,"footnotes":""},"categories":[416],"tags":[990],"class_list":["post-2289","post","type-post","status-publish","format-standard","has-post-thumbnail","hentry","category-fede","tag-fede-in-dio"],"yoast_head":"<!-- This site is optimized with the Yoast SEO plugin v27.5 - https:\/\/yoast.com\/product\/yoast-seo-wordpress\/ -->\n<title>Fede sotto assedio: il viaggio attraverso la lunga notte prima dell&#039;alba<\/title>\n<meta name=\"description\" content=\"La mia fede \u00e8 stata messa sotto il fuoco e ci sono stati momenti in cui Dio mi \u00e8 sembrato cos\u00ec lontano. Perch\u00e9 Dio punisce la nostra famiglia? Fede sotto assedio.\" \/>\n<meta name=\"robots\" content=\"index, follow, max-snippet:-1, max-image-preview:large, max-video-preview:-1\" \/>\n<link rel=\"canonical\" href=\"https:\/\/it.elds.org\/gesu-cristo-org\/2014\/10\/08\/fede-sotto-assedio\/\" \/>\n<meta property=\"og:locale\" content=\"it_IT\" \/>\n<meta property=\"og:type\" content=\"article\" \/>\n<meta property=\"og:title\" content=\"Fede sotto assedio: il viaggio attraverso la lunga notte prima dell&#039;alba\" \/>\n<meta property=\"og:description\" content=\"La mia fede \u00e8 stata messa sotto il fuoco e ci sono stati momenti in cui Dio mi \u00e8 sembrato cos\u00ec lontano. Perch\u00e9 Dio punisce la nostra famiglia? Fede sotto assedio.\" \/>\n<meta property=\"og:url\" content=\"https:\/\/it.elds.org\/gesu-cristo-org\/2014\/10\/08\/fede-sotto-assedio\/\" \/>\n<meta property=\"og:site_name\" content=\"gesucristo.org\" \/>\n<meta property=\"article:published_time\" content=\"2014-10-08T14:33:55+00:00\" \/>\n<meta property=\"article:modified_time\" content=\"2018-07-31T13:26:52+00:00\" \/>\n<meta property=\"og:image\" content=\"https:\/\/it.elds.org\/gesu-cristo-org\/files\/2014\/09\/Dalla-paura-alla-fede.jpg\" \/>\n\t<meta property=\"og:image:width\" content=\"896\" \/>\n\t<meta property=\"og:image:height\" content=\"560\" \/>\n\t<meta property=\"og:image:type\" content=\"image\/jpeg\" \/>\n<meta name=\"author\" content=\"collaboratore\" \/>\n<meta name=\"twitter:card\" content=\"summary_large_image\" \/>\n<meta name=\"twitter:label1\" content=\"Scritto da\" \/>\n\t<meta name=\"twitter:data1\" content=\"collaboratore\" \/>\n\t<meta name=\"twitter:label2\" content=\"Tempo di lettura stimato\" \/>\n\t<meta name=\"twitter:data2\" content=\"5 minuti\" \/>\n<script type=\"application\/ld+json\" class=\"yoast-schema-graph\">{\"@context\":\"https:\\\/\\\/schema.org\",\"@graph\":[{\"@type\":\"Article\",\"@id\":\"https:\\\/\\\/it.elds.org\\\/gesu-cristo-org\\\/2014\\\/10\\\/08\\\/fede-sotto-assedio\\\/#article\",\"isPartOf\":{\"@id\":\"https:\\\/\\\/it.elds.org\\\/gesu-cristo-org\\\/2014\\\/10\\\/08\\\/fede-sotto-assedio\\\/\"},\"author\":{\"name\":\"collaboratore\",\"@id\":\"https:\\\/\\\/it.elds.org\\\/gesu-cristo-org\\\/#\\\/schema\\\/person\\\/9f9faa532ad696ec68671c3e957b6ce9\"},\"headline\":\"Fede sotto assedio: il viaggio attraverso la lunga notte prima dell&#8217;alba\",\"datePublished\":\"2014-10-08T14:33:55+00:00\",\"dateModified\":\"2018-07-31T13:26:52+00:00\",\"mainEntityOfPage\":{\"@id\":\"https:\\\/\\\/it.elds.org\\\/gesu-cristo-org\\\/2014\\\/10\\\/08\\\/fede-sotto-assedio\\\/\"},\"wordCount\":1085,\"commentCount\":0,\"image\":{\"@id\":\"https:\\\/\\\/it.elds.org\\\/gesu-cristo-org\\\/2014\\\/10\\\/08\\\/fede-sotto-assedio\\\/#primaryimage\"},\"thumbnailUrl\":\"https:\\\/\\\/it.elds.org\\\/gesu-cristo-org\\\/files\\\/2014\\\/09\\\/Dalla-paura-alla-fede.jpg\",\"keywords\":[\"fede in dio\"],\"articleSection\":[\"Fede\"],\"inLanguage\":\"it-IT\",\"potentialAction\":[{\"@type\":\"CommentAction\",\"name\":\"Comment\",\"target\":[\"https:\\\/\\\/it.elds.org\\\/gesu-cristo-org\\\/2014\\\/10\\\/08\\\/fede-sotto-assedio\\\/#respond\"]}]},{\"@type\":\"WebPage\",\"@id\":\"https:\\\/\\\/it.elds.org\\\/gesu-cristo-org\\\/2014\\\/10\\\/08\\\/fede-sotto-assedio\\\/\",\"url\":\"https:\\\/\\\/it.elds.org\\\/gesu-cristo-org\\\/2014\\\/10\\\/08\\\/fede-sotto-assedio\\\/\",\"name\":\"Fede sotto assedio: il viaggio attraverso la lunga notte prima dell'alba\",\"isPartOf\":{\"@id\":\"https:\\\/\\\/it.elds.org\\\/gesu-cristo-org\\\/#website\"},\"primaryImageOfPage\":{\"@id\":\"https:\\\/\\\/it.elds.org\\\/gesu-cristo-org\\\/2014\\\/10\\\/08\\\/fede-sotto-assedio\\\/#primaryimage\"},\"image\":{\"@id\":\"https:\\\/\\\/it.elds.org\\\/gesu-cristo-org\\\/2014\\\/10\\\/08\\\/fede-sotto-assedio\\\/#primaryimage\"},\"thumbnailUrl\":\"https:\\\/\\\/it.elds.org\\\/gesu-cristo-org\\\/files\\\/2014\\\/09\\\/Dalla-paura-alla-fede.jpg\",\"datePublished\":\"2014-10-08T14:33:55+00:00\",\"dateModified\":\"2018-07-31T13:26:52+00:00\",\"author\":{\"@id\":\"https:\\\/\\\/it.elds.org\\\/gesu-cristo-org\\\/#\\\/schema\\\/person\\\/9f9faa532ad696ec68671c3e957b6ce9\"},\"description\":\"La mia fede \u00e8 stata messa sotto il fuoco e ci sono stati momenti in cui Dio mi \u00e8 sembrato cos\u00ec lontano. Perch\u00e9 Dio punisce la nostra famiglia? Fede sotto assedio.\",\"breadcrumb\":{\"@id\":\"https:\\\/\\\/it.elds.org\\\/gesu-cristo-org\\\/2014\\\/10\\\/08\\\/fede-sotto-assedio\\\/#breadcrumb\"},\"inLanguage\":\"it-IT\",\"potentialAction\":[{\"@type\":\"ReadAction\",\"target\":[\"https:\\\/\\\/it.elds.org\\\/gesu-cristo-org\\\/2014\\\/10\\\/08\\\/fede-sotto-assedio\\\/\"]}]},{\"@type\":\"ImageObject\",\"inLanguage\":\"it-IT\",\"@id\":\"https:\\\/\\\/it.elds.org\\\/gesu-cristo-org\\\/2014\\\/10\\\/08\\\/fede-sotto-assedio\\\/#primaryimage\",\"url\":\"https:\\\/\\\/it.elds.org\\\/gesu-cristo-org\\\/files\\\/2014\\\/09\\\/Dalla-paura-alla-fede.jpg\",\"contentUrl\":\"https:\\\/\\\/it.elds.org\\\/gesu-cristo-org\\\/files\\\/2014\\\/09\\\/Dalla-paura-alla-fede.jpg\",\"width\":896,\"height\":560,\"caption\":\"Fede sotto assedio\"},{\"@type\":\"BreadcrumbList\",\"@id\":\"https:\\\/\\\/it.elds.org\\\/gesu-cristo-org\\\/2014\\\/10\\\/08\\\/fede-sotto-assedio\\\/#breadcrumb\",\"itemListElement\":[{\"@type\":\"ListItem\",\"position\":1,\"name\":\"Home\",\"item\":\"https:\\\/\\\/it.elds.org\\\/gesu-cristo-org\\\/\"},{\"@type\":\"ListItem\",\"position\":2,\"name\":\"Fede sotto assedio: il viaggio attraverso la lunga notte prima dell&#8217;alba\"}]},{\"@type\":\"WebSite\",\"@id\":\"https:\\\/\\\/it.elds.org\\\/gesu-cristo-org\\\/#website\",\"url\":\"https:\\\/\\\/it.elds.org\\\/gesu-cristo-org\\\/\",\"name\":\"gesucristo.org\",\"description\":\"Il sito gesucristo.org offre una visione allargata del vangelo restaurato di Ges\u00f9 Cristo e di come possiamo usarlo per vincere le sfide degli ultimi giorni, con consigli, esempi e storie edificanti.\",\"potentialAction\":[{\"@type\":\"SearchAction\",\"target\":{\"@type\":\"EntryPoint\",\"urlTemplate\":\"https:\\\/\\\/it.elds.org\\\/gesu-cristo-org\\\/?s={search_term_string}\"},\"query-input\":{\"@type\":\"PropertyValueSpecification\",\"valueRequired\":true,\"valueName\":\"search_term_string\"}}],\"inLanguage\":\"it-IT\"},{\"@type\":\"Person\",\"@id\":\"https:\\\/\\\/it.elds.org\\\/gesu-cristo-org\\\/#\\\/schema\\\/person\\\/9f9faa532ad696ec68671c3e957b6ce9\",\"name\":\"collaboratore\",\"image\":{\"@type\":\"ImageObject\",\"inLanguage\":\"it-IT\",\"@id\":\"https:\\\/\\\/secure.gravatar.com\\\/avatar\\\/68ea6b338e1482bc760fb2dde30ab4a53d2b8af708975f664a091b0208c05535?s=96&d=mm&r=g\",\"url\":\"https:\\\/\\\/secure.gravatar.com\\\/avatar\\\/68ea6b338e1482bc760fb2dde30ab4a53d2b8af708975f664a091b0208c05535?s=96&d=mm&r=g\",\"contentUrl\":\"https:\\\/\\\/secure.gravatar.com\\\/avatar\\\/68ea6b338e1482bc760fb2dde30ab4a53d2b8af708975f664a091b0208c05535?s=96&d=mm&r=g\",\"caption\":\"collaboratore\"},\"description\":\"Pi\u00f9fede.it ha lo scopo di fornire informazioni corrette ed edificanti sulla Chiesa di Ges\u00f9 Cristo dei Santi degli Ultimi Giorni. Non \u00e8 un sito internet ufficiale della Chiesa, n\u00e9 rappresenta necessariamente la posizione della Chiesa. Il sito internet \u00e8 gestito da comuni membri della Chiesa che vogliono condividere con gli altri il bene che deriva dal Vangelo restaurato di Ges\u00f9 Cristo. Questo articolo \u00e8 stato scritto o tradotto da uno dei nostri volontari. Se siete interessati a contribuire con i vostri testi (oppure video, grafica ecc), per favore contattaci.\",\"url\":\"https:\\\/\\\/it.elds.org\\\/gesu-cristo-org\\\/author\\\/collaboratore\\\/\"}]}<\/script>\n<!-- \/ Yoast SEO plugin. -->","yoast_head_json":{"title":"Fede sotto assedio: il viaggio attraverso la lunga notte prima dell'alba","description":"La mia fede \u00e8 stata messa sotto il fuoco e ci sono stati momenti in cui Dio mi \u00e8 sembrato cos\u00ec lontano. Perch\u00e9 Dio punisce la nostra famiglia? Fede sotto assedio.","robots":{"index":"index","follow":"follow","max-snippet":"max-snippet:-1","max-image-preview":"max-image-preview:large","max-video-preview":"max-video-preview:-1"},"canonical":"https:\/\/it.elds.org\/gesu-cristo-org\/2014\/10\/08\/fede-sotto-assedio\/","og_locale":"it_IT","og_type":"article","og_title":"Fede sotto assedio: il viaggio attraverso la lunga notte prima dell'alba","og_description":"La mia fede \u00e8 stata messa sotto il fuoco e ci sono stati momenti in cui Dio mi \u00e8 sembrato cos\u00ec lontano. Perch\u00e9 Dio punisce la nostra famiglia? Fede sotto assedio.","og_url":"https:\/\/it.elds.org\/gesu-cristo-org\/2014\/10\/08\/fede-sotto-assedio\/","og_site_name":"gesucristo.org","article_published_time":"2014-10-08T14:33:55+00:00","article_modified_time":"2018-07-31T13:26:52+00:00","og_image":[{"width":896,"height":560,"url":"https:\/\/it.elds.org\/gesu-cristo-org\/files\/2014\/09\/Dalla-paura-alla-fede.jpg","type":"image\/jpeg"}],"author":"collaboratore","twitter_card":"summary_large_image","twitter_misc":{"Scritto da":"collaboratore","Tempo di lettura stimato":"5 minuti"},"schema":{"@context":"https:\/\/schema.org","@graph":[{"@type":"Article","@id":"https:\/\/it.elds.org\/gesu-cristo-org\/2014\/10\/08\/fede-sotto-assedio\/#article","isPartOf":{"@id":"https:\/\/it.elds.org\/gesu-cristo-org\/2014\/10\/08\/fede-sotto-assedio\/"},"author":{"name":"collaboratore","@id":"https:\/\/it.elds.org\/gesu-cristo-org\/#\/schema\/person\/9f9faa532ad696ec68671c3e957b6ce9"},"headline":"Fede sotto assedio: il viaggio attraverso la lunga notte prima dell&#8217;alba","datePublished":"2014-10-08T14:33:55+00:00","dateModified":"2018-07-31T13:26:52+00:00","mainEntityOfPage":{"@id":"https:\/\/it.elds.org\/gesu-cristo-org\/2014\/10\/08\/fede-sotto-assedio\/"},"wordCount":1085,"commentCount":0,"image":{"@id":"https:\/\/it.elds.org\/gesu-cristo-org\/2014\/10\/08\/fede-sotto-assedio\/#primaryimage"},"thumbnailUrl":"https:\/\/it.elds.org\/gesu-cristo-org\/files\/2014\/09\/Dalla-paura-alla-fede.jpg","keywords":["fede in dio"],"articleSection":["Fede"],"inLanguage":"it-IT","potentialAction":[{"@type":"CommentAction","name":"Comment","target":["https:\/\/it.elds.org\/gesu-cristo-org\/2014\/10\/08\/fede-sotto-assedio\/#respond"]}]},{"@type":"WebPage","@id":"https:\/\/it.elds.org\/gesu-cristo-org\/2014\/10\/08\/fede-sotto-assedio\/","url":"https:\/\/it.elds.org\/gesu-cristo-org\/2014\/10\/08\/fede-sotto-assedio\/","name":"Fede sotto assedio: il viaggio attraverso la lunga notte prima dell'alba","isPartOf":{"@id":"https:\/\/it.elds.org\/gesu-cristo-org\/#website"},"primaryImageOfPage":{"@id":"https:\/\/it.elds.org\/gesu-cristo-org\/2014\/10\/08\/fede-sotto-assedio\/#primaryimage"},"image":{"@id":"https:\/\/it.elds.org\/gesu-cristo-org\/2014\/10\/08\/fede-sotto-assedio\/#primaryimage"},"thumbnailUrl":"https:\/\/it.elds.org\/gesu-cristo-org\/files\/2014\/09\/Dalla-paura-alla-fede.jpg","datePublished":"2014-10-08T14:33:55+00:00","dateModified":"2018-07-31T13:26:52+00:00","author":{"@id":"https:\/\/it.elds.org\/gesu-cristo-org\/#\/schema\/person\/9f9faa532ad696ec68671c3e957b6ce9"},"description":"La mia fede \u00e8 stata messa sotto il fuoco e ci sono stati momenti in cui Dio mi \u00e8 sembrato cos\u00ec lontano. Perch\u00e9 Dio punisce la nostra famiglia? Fede sotto assedio.","breadcrumb":{"@id":"https:\/\/it.elds.org\/gesu-cristo-org\/2014\/10\/08\/fede-sotto-assedio\/#breadcrumb"},"inLanguage":"it-IT","potentialAction":[{"@type":"ReadAction","target":["https:\/\/it.elds.org\/gesu-cristo-org\/2014\/10\/08\/fede-sotto-assedio\/"]}]},{"@type":"ImageObject","inLanguage":"it-IT","@id":"https:\/\/it.elds.org\/gesu-cristo-org\/2014\/10\/08\/fede-sotto-assedio\/#primaryimage","url":"https:\/\/it.elds.org\/gesu-cristo-org\/files\/2014\/09\/Dalla-paura-alla-fede.jpg","contentUrl":"https:\/\/it.elds.org\/gesu-cristo-org\/files\/2014\/09\/Dalla-paura-alla-fede.jpg","width":896,"height":560,"caption":"Fede sotto assedio"},{"@type":"BreadcrumbList","@id":"https:\/\/it.elds.org\/gesu-cristo-org\/2014\/10\/08\/fede-sotto-assedio\/#breadcrumb","itemListElement":[{"@type":"ListItem","position":1,"name":"Home","item":"https:\/\/it.elds.org\/gesu-cristo-org\/"},{"@type":"ListItem","position":2,"name":"Fede sotto assedio: il viaggio attraverso la lunga notte prima dell&#8217;alba"}]},{"@type":"WebSite","@id":"https:\/\/it.elds.org\/gesu-cristo-org\/#website","url":"https:\/\/it.elds.org\/gesu-cristo-org\/","name":"gesucristo.org","description":"Il sito gesucristo.org offre una visione allargata del vangelo restaurato di Ges\u00f9 Cristo e di come possiamo usarlo per vincere le sfide degli ultimi giorni, con consigli, esempi e storie edificanti.","potentialAction":[{"@type":"SearchAction","target":{"@type":"EntryPoint","urlTemplate":"https:\/\/it.elds.org\/gesu-cristo-org\/?s={search_term_string}"},"query-input":{"@type":"PropertyValueSpecification","valueRequired":true,"valueName":"search_term_string"}}],"inLanguage":"it-IT"},{"@type":"Person","@id":"https:\/\/it.elds.org\/gesu-cristo-org\/#\/schema\/person\/9f9faa532ad696ec68671c3e957b6ce9","name":"collaboratore","image":{"@type":"ImageObject","inLanguage":"it-IT","@id":"https:\/\/secure.gravatar.com\/avatar\/68ea6b338e1482bc760fb2dde30ab4a53d2b8af708975f664a091b0208c05535?s=96&d=mm&r=g","url":"https:\/\/secure.gravatar.com\/avatar\/68ea6b338e1482bc760fb2dde30ab4a53d2b8af708975f664a091b0208c05535?s=96&d=mm&r=g","contentUrl":"https:\/\/secure.gravatar.com\/avatar\/68ea6b338e1482bc760fb2dde30ab4a53d2b8af708975f664a091b0208c05535?s=96&d=mm&r=g","caption":"collaboratore"},"description":"Pi\u00f9fede.it ha lo scopo di fornire informazioni corrette ed edificanti sulla Chiesa di Ges\u00f9 Cristo dei Santi degli Ultimi Giorni. Non \u00e8 un sito internet ufficiale della Chiesa, n\u00e9 rappresenta necessariamente la posizione della Chiesa. Il sito internet \u00e8 gestito da comuni membri della Chiesa che vogliono condividere con gli altri il bene che deriva dal Vangelo restaurato di Ges\u00f9 Cristo. Questo articolo \u00e8 stato scritto o tradotto da uno dei nostri volontari. Se siete interessati a contribuire con i vostri testi (oppure video, grafica ecc), per favore contattaci.","url":"https:\/\/it.elds.org\/gesu-cristo-org\/author\/collaboratore\/"}]}},"_links":{"self":[{"href":"https:\/\/it.elds.org\/gesu-cristo-org\/wp-json\/wp\/v2\/posts\/2289","targetHints":{"allow":["GET"]}}],"collection":[{"href":"https:\/\/it.elds.org\/gesu-cristo-org\/wp-json\/wp\/v2\/posts"}],"about":[{"href":"https:\/\/it.elds.org\/gesu-cristo-org\/wp-json\/wp\/v2\/types\/post"}],"author":[{"embeddable":true,"href":"https:\/\/it.elds.org\/gesu-cristo-org\/wp-json\/wp\/v2\/users\/46"}],"replies":[{"embeddable":true,"href":"https:\/\/it.elds.org\/gesu-cristo-org\/wp-json\/wp\/v2\/comments?post=2289"}],"version-history":[{"count":5,"href":"https:\/\/it.elds.org\/gesu-cristo-org\/wp-json\/wp\/v2\/posts\/2289\/revisions"}],"predecessor-version":[{"id":5988,"href":"https:\/\/it.elds.org\/gesu-cristo-org\/wp-json\/wp\/v2\/posts\/2289\/revisions\/5988"}],"wp:featuredmedia":[{"embeddable":true,"href":"https:\/\/it.elds.org\/gesu-cristo-org\/wp-json\/wp\/v2\/media\/2280"}],"wp:attachment":[{"href":"https:\/\/it.elds.org\/gesu-cristo-org\/wp-json\/wp\/v2\/media?parent=2289"}],"wp:term":[{"taxonomy":"category","embeddable":true,"href":"https:\/\/it.elds.org\/gesu-cristo-org\/wp-json\/wp\/v2\/categories?post=2289"},{"taxonomy":"post_tag","embeddable":true,"href":"https:\/\/it.elds.org\/gesu-cristo-org\/wp-json\/wp\/v2\/tags?post=2289"}],"curies":[{"name":"wp","href":"https:\/\/api.w.org\/{rel}","templated":true}]}}