{"id":2548,"date":"2015-04-23T12:01:40","date_gmt":"2015-04-23T10:01:40","guid":{"rendered":"http:\/\/it.elds.org\/gesu-cristo-org\/?p=2548"},"modified":"2018-10-08T15:26:40","modified_gmt":"2018-10-08T13:26:40","slug":"il-potere-della-preghiera","status":"publish","type":"post","link":"https:\/\/it.elds.org\/gesu-cristo-org\/2015\/04\/23\/il-potere-della-preghiera\/","title":{"rendered":"Il potere della preghiera"},"content":{"rendered":"<p><a href=\"https:\/\/it.elds.org\/gesu-cristo-org\/files\/2015\/04\/ragazza-pregando-1.jpg\"><img fetchpriority=\"high\" fetchpriority=\"high\" decoding=\"async\" class=\"aligncenter wp-image-6115 size-full\" title=\"preghiera\" src=\"https:\/\/it.elds.org\/gesu-cristo-org\/files\/2015\/04\/ragazza-pregando-1.jpg\" alt=\"ragazza pregando\" width=\"948\" height=\"542\" srcset=\"https:\/\/it.elds.org\/gesu-cristo-org\/files\/2015\/04\/ragazza-pregando-1.jpg 948w, https:\/\/it.elds.org\/gesu-cristo-org\/files\/2015\/04\/ragazza-pregando-1-300x172.jpg 300w, https:\/\/it.elds.org\/gesu-cristo-org\/files\/2015\/04\/ragazza-pregando-1-768x439.jpg 768w\" sizes=\"(max-width: 948px) 100vw, 948px\" \/><\/a>Recentemente, ho avuto una forte comprensione del potere della preghiera. Sono stata benedetta, nella mia vita, con l\u2019avere l\u2019esaudimento di alcune preghiere. Una delle mie storie preferite, \u00e8 accaduta quando ero molto piccola.<\/p>\n<p>Amo le gomme da masticare e, poich\u00e8 i miei genitori mi insegnavano di pregare Dio e che Egli avrebbe risposto alle preghiere, ho deciso di farlo. Cos\u00ec, ogni sera, per molte settimane, mi inginocchiavo accanto al mio letto e pregavo per avere un pacchetto di gomme.<\/p>\n<p>Poi, aprivo gli occhi e aspettavo che il pacchetto di gomme si materializzasse sul letto. Ovviamente, questo non \u00e8 quello che accadeva. Cos\u00ec ho pensato che Dio fosse l\u00ec per rispondere a preghiere pi\u00f9 importanti, di quella per le gomme.<\/p>\n<p>E ho smesso di chiederle. Dieci anni dopo, il mio pap\u00e0 ha inventato un nuovo tipo di gomma. E ho avuto una risposta ben maggiore, ad ogni preghiera che avessi mai offerto, per ricevere le gomme.<\/p>\n<p>La settimana scorsa, il mio pap\u00e0 era in ospedale, con il suo 12\u00b0 blocco intestinale. Eravamo cos\u00ec preoccupati per lui. Quella preoccupazione \u00e8 diventata una preghiera per la sua guarigione e perch\u00e9 non ci fosse bisogno di rimuovere i suoi intestini chirurgicamente. Mio figlio ha offerto le preghiere pi\u00f9 dolci, chiedendo a Dio &#8220;fai che il nonno stia meglio&#8221;.<\/p>\n<p>E, due giorni dopo essere entrato in ospedale, egli \u00e8 potuto tornare a casa. Il suo blocco si \u00e8 sbloccato e non c\u2019\u00e8 stato bisogno di un intervento chirurgico! Sono molto grata, per questo filo diretto con il cielo.<\/p>\n<p>Troppo spesso, quando coloro che amiamo sono gravemente malati, ci sentiamo impotenti. Ma ci \u00e8 stato dato, come diritto di nascita, uno strumento pi\u00f9 potente di noi, di cui spesso non ci rendiamo conto.<\/p>\n<p>Ho menzionato in \u201cLa ricerca di conforto attraverso il <a href=\"https:\/\/it.elds.org\/gesu-cristo-org\/2016\/02\/20\/carita-amare-come-il-salvatore\/\" target=\"_blank\" rel=\"noopener\">Salvatore<\/a>\u201d, che mio figlio ha un amico, nella sua scuola materna, la cui madre ha il cancro. Il suo nome \u00e8 Lacey. Alla giovane mamma \u00e8 stato diagnosticato, circa un anno fa, un cancro uterino di livello 4.<\/p>\n<p>Con due bambini di et\u00e0 di 4 e 18 mesi, non potevo immaginare un incubo maggiore da dover affrontare, per una mamma. Eravamo tutti devastati, nel sentire la sua diagnosi. E il tasso di sopravvivenza, per il suo tipo di cancro, era solo del quindici per cento. Abbiamo tenuto un digiuno speciale, per lei.<\/p>\n<p>Abbiamo pregato per lei e, spesso, lei era nei miei pensieri.<\/p>\n<p>Mi preoccupavo per la sua famiglia, la loro salute emotiva e che cosa sarebbe successo, se lei fosse andata via. Era spesso in ospedale, ha sub\u00ecto diversi interventi chirurgici e ha ricevuto molte benedizioni del sacerdozio. L&#8217;anno scorso \u00e8 stato davvero duro.<\/p>\n<p>Ricordo quando ho incontrato Lacey, pensando che fosse bellissima. E poich\u00e9 ella aveva un corpo cos\u00ec magro, subito dopo aver avuto il suo secondo bambino, mi sono quasi ingelosita.<\/p>\n<p>Sono stata benedetta con un corpo che sembra essere al quarto mese di gravidanza, cinque anni dopo che mio figlio \u00e8 nato, quindi si pu\u00f2 capire il perch\u00e8. Ma la settimana scorsa abbiamo ricevuto la notizia pi\u00f9 incredibile!<\/p>\n<p>Mentre Lacey condivideva il suo miracolo personale di guarigione, non era mai stata cos\u00ec bella. Siamo tutti felicissimi, perch\u00e9 i medici non sono stati in grado di trovare pi\u00f9 il cancro, in lei.<\/p>\n<h2>Il potere della preghiera<\/h2>\n<p>Ho sentito che bisogna che passino 5 anni, senza avere pi\u00f9 il cancro, per considerarlo in remissione. Ma il fatto che lei \u00e8 ancora qui, e attualmente non ha il cancro, \u00e8 un miracolo pi\u00f9 grande e migliore di quanto mi aspettassi.<\/p>\n<p>Non possiamo sempre aspettarci che il piano del Signore sia in linea con le nostre suppliche per la guarigione, ma questa volta \u00e8 stato cos\u00ec. E siamo tutti cos\u00ec grati.<\/p>\n<p>Prima di andare avanti, voglio dire che i mormoni&nbsp;non hanno conquistato il mercato della fede, n\u00e9 ci affidiamo esclusivamente alla fede, per le guarigioni. Io credo che Dio ci abbia dato la medicina moderna come dono, per rendere questa esperienza terrena pi\u00f9 facile.<\/p>\n<p>Noi perseguiamo la buona salute, attraverso una buona alimentazione, l\u2019esercizio fisico e le visite dal medico, se necessarie. Ma la fede e le benedizioni del sacerdozio, sono anch\u2019esse un regalo importante del Signore. E so che hanno un potere reale.<\/p>\n<p>L\u2019anziano Dallin H. Oaks (un dirigente della chiesa SUG) ha raccontato la storia di una bambina molto malata, che era guarita grazie alla potenza della fede di coloro che amava. Egli ha detto:<\/p>\n<blockquote><p>&#8220;Molti Santi degli Ultimi Giorni hanno sperimentato la forza della fede, nella guarigione dei malati. Ne sentiamo spesso degli esempi, tra le persone di fede, anche in altre chiese.<\/p>\n<p>Un giornalista del Texas ha descritto un tale miracolo. Quando una bambina di cinque anni inizi\u00f2 a respirare con difficolt\u00e0 e divenne febbricitante, i suoi genitori la portarono in ospedale.<\/p>\n<p>Una volta arrivata l\u00ec, i suoi reni e i polmoni avevano smesso di funzionare bene, la febbre era a 107 gradi e il suo corpo era di colore rosso e coperto di lesioni viola. I medici dissero che stava morendo di sindrome da shock tossico, la causa era sconosciuta.<\/p>\n<p>Quando si sparse la voce tra i familiari e gli amici, le persone timorate di Dio cominciarono a pregare per lei, e un servizio speciale di preghiera, venne svolto nella loro congregazione protestante, di Waco, in Texas.<\/p>\n<p>Miracolosamente, improvvisamente, ella torn\u00f2 dal baratro della morte e venne rilasciata dall&#8217;ospedale, poco pi\u00f9 di una settimana dopo. Suo nonno scrisse: &#8220;Ella \u00e8 la prova vivente che Dio risponde alle preghiere e compie miracoli&#8221; (Dallin H. Oaks, <a href=\"https:\/\/www.lds.org\/general-conference\/2010\/04\/healing-the-sick?lang=ita\" target=\"_blank\" rel=\"nofollow noopener\">Guarire gli ammalati<\/a>, Conferenza Generale della Chiesa di Ges\u00f9 Cristo dei Santi degli Ultimi Giorni, Aprile 2010).<\/p><\/blockquote>\n<p>Sono molto grata, perch\u00e9 abbiamo un Padre amorevole in cielo, che ascolta e risponde la nostra preghiera quotidiana. E sono particolarmente grata per i recenti doni di guarigione, nella mia cerchia di familiari e amici.<\/p>\n<p>&nbsp;<\/p>\n<p><iframe width=\"1080\" height=\"608\" src=\"https:\/\/www.youtube.com\/embed\/0RiDLf83bxI?wmode=transparent&amp;rel=0&amp;feature=oembed\" frameborder=\"0\" allow=\"autoplay; encrypted-media\" allowfullscreen><\/iframe><\/p>\n","protected":false},"excerpt":{"rendered":"<p>Sono molto grata, perch\u00e9 abbiamo un Padre amorevole in cielo, che ascolta e risponde alle nostre preghiere.<\/p>\n","protected":false},"author":46,"featured_media":6115,"comment_status":"open","ping_status":"closed","sticky":false,"template":"","format":"standard","meta":{"_et_pb_use_builder":"","_et_pb_old_content":"","_et_gb_content_width":"","_monsterinsights_skip_tracking":false,"_monsterinsights_sitenote_active":false,"_monsterinsights_sitenote_note":"","_monsterinsights_sitenote_category":0,"ngg_post_thumbnail":0,"footnotes":""},"categories":[7],"tags":[966],"class_list":["post-2548","post","type-post","status-publish","format-standard","has-post-thumbnail","hentry","category-dottrine","tag-preghiera"],"yoast_head":"<!-- This site is optimized with the Yoast SEO plugin v27.5 - https:\/\/yoast.com\/product\/yoast-seo-wordpress\/ -->\n<title>Il potere della preghiera e il dono della guarigione | gesucristo.org<\/title>\n<meta name=\"description\" content=\"Sono molto grata, perch\u00e9 abbiamo un Padre amorevole in cielo, che ascolta e risponde alla nostra preghiera e per i doni di guarigione\" \/>\n<meta name=\"robots\" content=\"index, follow, max-snippet:-1, max-image-preview:large, max-video-preview:-1\" \/>\n<link rel=\"canonical\" href=\"https:\/\/it.elds.org\/gesu-cristo-org\/2015\/04\/23\/il-potere-della-preghiera\/\" \/>\n<meta property=\"og:locale\" content=\"it_IT\" \/>\n<meta property=\"og:type\" content=\"article\" \/>\n<meta property=\"og:title\" content=\"Il potere della preghiera e il dono della guarigione | gesucristo.org\" \/>\n<meta property=\"og:description\" content=\"Sono molto grata, perch\u00e9 abbiamo un Padre amorevole in cielo, che ascolta e risponde alla nostra preghiera e per i doni di guarigione\" \/>\n<meta property=\"og:url\" content=\"https:\/\/it.elds.org\/gesu-cristo-org\/2015\/04\/23\/il-potere-della-preghiera\/\" \/>\n<meta property=\"og:site_name\" content=\"gesucristo.org\" \/>\n<meta property=\"article:published_time\" content=\"2015-04-23T10:01:40+00:00\" \/>\n<meta property=\"article:modified_time\" content=\"2018-10-08T13:26:40+00:00\" \/>\n<meta property=\"og:image\" content=\"https:\/\/it.elds.org\/gesu-cristo-org\/files\/2015\/04\/ragazza-pregando-1.jpg\" \/>\n\t<meta property=\"og:image:width\" content=\"948\" \/>\n\t<meta property=\"og:image:height\" content=\"542\" \/>\n\t<meta property=\"og:image:type\" content=\"image\/jpeg\" \/>\n<meta name=\"author\" content=\"collaboratore\" \/>\n<meta name=\"twitter:card\" content=\"summary_large_image\" \/>\n<meta name=\"twitter:label1\" content=\"Scritto da\" \/>\n\t<meta name=\"twitter:data1\" content=\"collaboratore\" \/>\n\t<meta name=\"twitter:label2\" content=\"Tempo di lettura stimato\" \/>\n\t<meta name=\"twitter:data2\" content=\"5 minuti\" \/>\n<script type=\"application\/ld+json\" class=\"yoast-schema-graph\">{\"@context\":\"https:\\\/\\\/schema.org\",\"@graph\":[{\"@type\":\"Article\",\"@id\":\"https:\\\/\\\/it.elds.org\\\/gesu-cristo-org\\\/2015\\\/04\\\/23\\\/il-potere-della-preghiera\\\/#article\",\"isPartOf\":{\"@id\":\"https:\\\/\\\/it.elds.org\\\/gesu-cristo-org\\\/2015\\\/04\\\/23\\\/il-potere-della-preghiera\\\/\"},\"author\":{\"name\":\"collaboratore\",\"@id\":\"https:\\\/\\\/it.elds.org\\\/gesu-cristo-org\\\/#\\\/schema\\\/person\\\/9f9faa532ad696ec68671c3e957b6ce9\"},\"headline\":\"Il potere della preghiera\",\"datePublished\":\"2015-04-23T10:01:40+00:00\",\"dateModified\":\"2018-10-08T13:26:40+00:00\",\"mainEntityOfPage\":{\"@id\":\"https:\\\/\\\/it.elds.org\\\/gesu-cristo-org\\\/2015\\\/04\\\/23\\\/il-potere-della-preghiera\\\/\"},\"wordCount\":969,\"commentCount\":0,\"image\":{\"@id\":\"https:\\\/\\\/it.elds.org\\\/gesu-cristo-org\\\/2015\\\/04\\\/23\\\/il-potere-della-preghiera\\\/#primaryimage\"},\"thumbnailUrl\":\"https:\\\/\\\/it.elds.org\\\/gesu-cristo-org\\\/files\\\/2015\\\/04\\\/ragazza-pregando-1.jpg\",\"keywords\":[\"preghiera\"],\"articleSection\":[\"Dottrine\"],\"inLanguage\":\"it-IT\",\"potentialAction\":[{\"@type\":\"CommentAction\",\"name\":\"Comment\",\"target\":[\"https:\\\/\\\/it.elds.org\\\/gesu-cristo-org\\\/2015\\\/04\\\/23\\\/il-potere-della-preghiera\\\/#respond\"]}]},{\"@type\":\"WebPage\",\"@id\":\"https:\\\/\\\/it.elds.org\\\/gesu-cristo-org\\\/2015\\\/04\\\/23\\\/il-potere-della-preghiera\\\/\",\"url\":\"https:\\\/\\\/it.elds.org\\\/gesu-cristo-org\\\/2015\\\/04\\\/23\\\/il-potere-della-preghiera\\\/\",\"name\":\"Il potere della preghiera e il dono della guarigione | gesucristo.org\",\"isPartOf\":{\"@id\":\"https:\\\/\\\/it.elds.org\\\/gesu-cristo-org\\\/#website\"},\"primaryImageOfPage\":{\"@id\":\"https:\\\/\\\/it.elds.org\\\/gesu-cristo-org\\\/2015\\\/04\\\/23\\\/il-potere-della-preghiera\\\/#primaryimage\"},\"image\":{\"@id\":\"https:\\\/\\\/it.elds.org\\\/gesu-cristo-org\\\/2015\\\/04\\\/23\\\/il-potere-della-preghiera\\\/#primaryimage\"},\"thumbnailUrl\":\"https:\\\/\\\/it.elds.org\\\/gesu-cristo-org\\\/files\\\/2015\\\/04\\\/ragazza-pregando-1.jpg\",\"datePublished\":\"2015-04-23T10:01:40+00:00\",\"dateModified\":\"2018-10-08T13:26:40+00:00\",\"author\":{\"@id\":\"https:\\\/\\\/it.elds.org\\\/gesu-cristo-org\\\/#\\\/schema\\\/person\\\/9f9faa532ad696ec68671c3e957b6ce9\"},\"description\":\"Sono molto grata, perch\u00e9 abbiamo un Padre amorevole in cielo, che ascolta e risponde alla nostra preghiera e per i doni di guarigione\",\"breadcrumb\":{\"@id\":\"https:\\\/\\\/it.elds.org\\\/gesu-cristo-org\\\/2015\\\/04\\\/23\\\/il-potere-della-preghiera\\\/#breadcrumb\"},\"inLanguage\":\"it-IT\",\"potentialAction\":[{\"@type\":\"ReadAction\",\"target\":[\"https:\\\/\\\/it.elds.org\\\/gesu-cristo-org\\\/2015\\\/04\\\/23\\\/il-potere-della-preghiera\\\/\"]}]},{\"@type\":\"ImageObject\",\"inLanguage\":\"it-IT\",\"@id\":\"https:\\\/\\\/it.elds.org\\\/gesu-cristo-org\\\/2015\\\/04\\\/23\\\/il-potere-della-preghiera\\\/#primaryimage\",\"url\":\"https:\\\/\\\/it.elds.org\\\/gesu-cristo-org\\\/files\\\/2015\\\/04\\\/ragazza-pregando-1.jpg\",\"contentUrl\":\"https:\\\/\\\/it.elds.org\\\/gesu-cristo-org\\\/files\\\/2015\\\/04\\\/ragazza-pregando-1.jpg\",\"width\":948,\"height\":542,\"caption\":\"preghiera\"},{\"@type\":\"BreadcrumbList\",\"@id\":\"https:\\\/\\\/it.elds.org\\\/gesu-cristo-org\\\/2015\\\/04\\\/23\\\/il-potere-della-preghiera\\\/#breadcrumb\",\"itemListElement\":[{\"@type\":\"ListItem\",\"position\":1,\"name\":\"Home\",\"item\":\"https:\\\/\\\/it.elds.org\\\/gesu-cristo-org\\\/\"},{\"@type\":\"ListItem\",\"position\":2,\"name\":\"Il potere della preghiera\"}]},{\"@type\":\"WebSite\",\"@id\":\"https:\\\/\\\/it.elds.org\\\/gesu-cristo-org\\\/#website\",\"url\":\"https:\\\/\\\/it.elds.org\\\/gesu-cristo-org\\\/\",\"name\":\"gesucristo.org\",\"description\":\"Il sito gesucristo.org offre una visione allargata del vangelo restaurato di Ges\u00f9 Cristo e di come possiamo usarlo per vincere le sfide degli ultimi giorni, con consigli, esempi e storie edificanti.\",\"potentialAction\":[{\"@type\":\"SearchAction\",\"target\":{\"@type\":\"EntryPoint\",\"urlTemplate\":\"https:\\\/\\\/it.elds.org\\\/gesu-cristo-org\\\/?s={search_term_string}\"},\"query-input\":{\"@type\":\"PropertyValueSpecification\",\"valueRequired\":true,\"valueName\":\"search_term_string\"}}],\"inLanguage\":\"it-IT\"},{\"@type\":\"Person\",\"@id\":\"https:\\\/\\\/it.elds.org\\\/gesu-cristo-org\\\/#\\\/schema\\\/person\\\/9f9faa532ad696ec68671c3e957b6ce9\",\"name\":\"collaboratore\",\"image\":{\"@type\":\"ImageObject\",\"inLanguage\":\"it-IT\",\"@id\":\"https:\\\/\\\/secure.gravatar.com\\\/avatar\\\/68ea6b338e1482bc760fb2dde30ab4a53d2b8af708975f664a091b0208c05535?s=96&d=mm&r=g\",\"url\":\"https:\\\/\\\/secure.gravatar.com\\\/avatar\\\/68ea6b338e1482bc760fb2dde30ab4a53d2b8af708975f664a091b0208c05535?s=96&d=mm&r=g\",\"contentUrl\":\"https:\\\/\\\/secure.gravatar.com\\\/avatar\\\/68ea6b338e1482bc760fb2dde30ab4a53d2b8af708975f664a091b0208c05535?s=96&d=mm&r=g\",\"caption\":\"collaboratore\"},\"description\":\"Pi\u00f9fede.it ha lo scopo di fornire informazioni corrette ed edificanti sulla Chiesa di Ges\u00f9 Cristo dei Santi degli Ultimi Giorni. Non \u00e8 un sito internet ufficiale della Chiesa, n\u00e9 rappresenta necessariamente la posizione della Chiesa. Il sito internet \u00e8 gestito da comuni membri della Chiesa che vogliono condividere con gli altri il bene che deriva dal Vangelo restaurato di Ges\u00f9 Cristo. Questo articolo \u00e8 stato scritto o tradotto da uno dei nostri volontari. Se siete interessati a contribuire con i vostri testi (oppure video, grafica ecc), per favore contattaci.\",\"url\":\"https:\\\/\\\/it.elds.org\\\/gesu-cristo-org\\\/author\\\/collaboratore\\\/\"}]}<\/script>\n<!-- \/ Yoast SEO plugin. -->","yoast_head_json":{"title":"Il potere della preghiera e il dono della guarigione | gesucristo.org","description":"Sono molto grata, perch\u00e9 abbiamo un Padre amorevole in cielo, che ascolta e risponde alla nostra preghiera e per i doni di guarigione","robots":{"index":"index","follow":"follow","max-snippet":"max-snippet:-1","max-image-preview":"max-image-preview:large","max-video-preview":"max-video-preview:-1"},"canonical":"https:\/\/it.elds.org\/gesu-cristo-org\/2015\/04\/23\/il-potere-della-preghiera\/","og_locale":"it_IT","og_type":"article","og_title":"Il potere della preghiera e il dono della guarigione | gesucristo.org","og_description":"Sono molto grata, perch\u00e9 abbiamo un Padre amorevole in cielo, che ascolta e risponde alla nostra preghiera e per i doni di guarigione","og_url":"https:\/\/it.elds.org\/gesu-cristo-org\/2015\/04\/23\/il-potere-della-preghiera\/","og_site_name":"gesucristo.org","article_published_time":"2015-04-23T10:01:40+00:00","article_modified_time":"2018-10-08T13:26:40+00:00","og_image":[{"width":948,"height":542,"url":"https:\/\/it.elds.org\/gesu-cristo-org\/files\/2015\/04\/ragazza-pregando-1.jpg","type":"image\/jpeg"}],"author":"collaboratore","twitter_card":"summary_large_image","twitter_misc":{"Scritto da":"collaboratore","Tempo di lettura stimato":"5 minuti"},"schema":{"@context":"https:\/\/schema.org","@graph":[{"@type":"Article","@id":"https:\/\/it.elds.org\/gesu-cristo-org\/2015\/04\/23\/il-potere-della-preghiera\/#article","isPartOf":{"@id":"https:\/\/it.elds.org\/gesu-cristo-org\/2015\/04\/23\/il-potere-della-preghiera\/"},"author":{"name":"collaboratore","@id":"https:\/\/it.elds.org\/gesu-cristo-org\/#\/schema\/person\/9f9faa532ad696ec68671c3e957b6ce9"},"headline":"Il potere della preghiera","datePublished":"2015-04-23T10:01:40+00:00","dateModified":"2018-10-08T13:26:40+00:00","mainEntityOfPage":{"@id":"https:\/\/it.elds.org\/gesu-cristo-org\/2015\/04\/23\/il-potere-della-preghiera\/"},"wordCount":969,"commentCount":0,"image":{"@id":"https:\/\/it.elds.org\/gesu-cristo-org\/2015\/04\/23\/il-potere-della-preghiera\/#primaryimage"},"thumbnailUrl":"https:\/\/it.elds.org\/gesu-cristo-org\/files\/2015\/04\/ragazza-pregando-1.jpg","keywords":["preghiera"],"articleSection":["Dottrine"],"inLanguage":"it-IT","potentialAction":[{"@type":"CommentAction","name":"Comment","target":["https:\/\/it.elds.org\/gesu-cristo-org\/2015\/04\/23\/il-potere-della-preghiera\/#respond"]}]},{"@type":"WebPage","@id":"https:\/\/it.elds.org\/gesu-cristo-org\/2015\/04\/23\/il-potere-della-preghiera\/","url":"https:\/\/it.elds.org\/gesu-cristo-org\/2015\/04\/23\/il-potere-della-preghiera\/","name":"Il potere della preghiera e il dono della guarigione | gesucristo.org","isPartOf":{"@id":"https:\/\/it.elds.org\/gesu-cristo-org\/#website"},"primaryImageOfPage":{"@id":"https:\/\/it.elds.org\/gesu-cristo-org\/2015\/04\/23\/il-potere-della-preghiera\/#primaryimage"},"image":{"@id":"https:\/\/it.elds.org\/gesu-cristo-org\/2015\/04\/23\/il-potere-della-preghiera\/#primaryimage"},"thumbnailUrl":"https:\/\/it.elds.org\/gesu-cristo-org\/files\/2015\/04\/ragazza-pregando-1.jpg","datePublished":"2015-04-23T10:01:40+00:00","dateModified":"2018-10-08T13:26:40+00:00","author":{"@id":"https:\/\/it.elds.org\/gesu-cristo-org\/#\/schema\/person\/9f9faa532ad696ec68671c3e957b6ce9"},"description":"Sono molto grata, perch\u00e9 abbiamo un Padre amorevole in cielo, che ascolta e risponde alla nostra preghiera e per i doni di guarigione","breadcrumb":{"@id":"https:\/\/it.elds.org\/gesu-cristo-org\/2015\/04\/23\/il-potere-della-preghiera\/#breadcrumb"},"inLanguage":"it-IT","potentialAction":[{"@type":"ReadAction","target":["https:\/\/it.elds.org\/gesu-cristo-org\/2015\/04\/23\/il-potere-della-preghiera\/"]}]},{"@type":"ImageObject","inLanguage":"it-IT","@id":"https:\/\/it.elds.org\/gesu-cristo-org\/2015\/04\/23\/il-potere-della-preghiera\/#primaryimage","url":"https:\/\/it.elds.org\/gesu-cristo-org\/files\/2015\/04\/ragazza-pregando-1.jpg","contentUrl":"https:\/\/it.elds.org\/gesu-cristo-org\/files\/2015\/04\/ragazza-pregando-1.jpg","width":948,"height":542,"caption":"preghiera"},{"@type":"BreadcrumbList","@id":"https:\/\/it.elds.org\/gesu-cristo-org\/2015\/04\/23\/il-potere-della-preghiera\/#breadcrumb","itemListElement":[{"@type":"ListItem","position":1,"name":"Home","item":"https:\/\/it.elds.org\/gesu-cristo-org\/"},{"@type":"ListItem","position":2,"name":"Il potere della preghiera"}]},{"@type":"WebSite","@id":"https:\/\/it.elds.org\/gesu-cristo-org\/#website","url":"https:\/\/it.elds.org\/gesu-cristo-org\/","name":"gesucristo.org","description":"Il sito gesucristo.org offre una visione allargata del vangelo restaurato di Ges\u00f9 Cristo e di come possiamo usarlo per vincere le sfide degli ultimi giorni, con consigli, esempi e storie edificanti.","potentialAction":[{"@type":"SearchAction","target":{"@type":"EntryPoint","urlTemplate":"https:\/\/it.elds.org\/gesu-cristo-org\/?s={search_term_string}"},"query-input":{"@type":"PropertyValueSpecification","valueRequired":true,"valueName":"search_term_string"}}],"inLanguage":"it-IT"},{"@type":"Person","@id":"https:\/\/it.elds.org\/gesu-cristo-org\/#\/schema\/person\/9f9faa532ad696ec68671c3e957b6ce9","name":"collaboratore","image":{"@type":"ImageObject","inLanguage":"it-IT","@id":"https:\/\/secure.gravatar.com\/avatar\/68ea6b338e1482bc760fb2dde30ab4a53d2b8af708975f664a091b0208c05535?s=96&d=mm&r=g","url":"https:\/\/secure.gravatar.com\/avatar\/68ea6b338e1482bc760fb2dde30ab4a53d2b8af708975f664a091b0208c05535?s=96&d=mm&r=g","contentUrl":"https:\/\/secure.gravatar.com\/avatar\/68ea6b338e1482bc760fb2dde30ab4a53d2b8af708975f664a091b0208c05535?s=96&d=mm&r=g","caption":"collaboratore"},"description":"Pi\u00f9fede.it ha lo scopo di fornire informazioni corrette ed edificanti sulla Chiesa di Ges\u00f9 Cristo dei Santi degli Ultimi Giorni. Non \u00e8 un sito internet ufficiale della Chiesa, n\u00e9 rappresenta necessariamente la posizione della Chiesa. Il sito internet \u00e8 gestito da comuni membri della Chiesa che vogliono condividere con gli altri il bene che deriva dal Vangelo restaurato di Ges\u00f9 Cristo. Questo articolo \u00e8 stato scritto o tradotto da uno dei nostri volontari. Se siete interessati a contribuire con i vostri testi (oppure video, grafica ecc), per favore contattaci.","url":"https:\/\/it.elds.org\/gesu-cristo-org\/author\/collaboratore\/"}]}},"_links":{"self":[{"href":"https:\/\/it.elds.org\/gesu-cristo-org\/wp-json\/wp\/v2\/posts\/2548","targetHints":{"allow":["GET"]}}],"collection":[{"href":"https:\/\/it.elds.org\/gesu-cristo-org\/wp-json\/wp\/v2\/posts"}],"about":[{"href":"https:\/\/it.elds.org\/gesu-cristo-org\/wp-json\/wp\/v2\/types\/post"}],"author":[{"embeddable":true,"href":"https:\/\/it.elds.org\/gesu-cristo-org\/wp-json\/wp\/v2\/users\/46"}],"replies":[{"embeddable":true,"href":"https:\/\/it.elds.org\/gesu-cristo-org\/wp-json\/wp\/v2\/comments?post=2548"}],"version-history":[{"count":6,"href":"https:\/\/it.elds.org\/gesu-cristo-org\/wp-json\/wp\/v2\/posts\/2548\/revisions"}],"predecessor-version":[{"id":6117,"href":"https:\/\/it.elds.org\/gesu-cristo-org\/wp-json\/wp\/v2\/posts\/2548\/revisions\/6117"}],"wp:featuredmedia":[{"embeddable":true,"href":"https:\/\/it.elds.org\/gesu-cristo-org\/wp-json\/wp\/v2\/media\/6115"}],"wp:attachment":[{"href":"https:\/\/it.elds.org\/gesu-cristo-org\/wp-json\/wp\/v2\/media?parent=2548"}],"wp:term":[{"taxonomy":"category","embeddable":true,"href":"https:\/\/it.elds.org\/gesu-cristo-org\/wp-json\/wp\/v2\/categories?post=2548"},{"taxonomy":"post_tag","embeddable":true,"href":"https:\/\/it.elds.org\/gesu-cristo-org\/wp-json\/wp\/v2\/tags?post=2548"}],"curies":[{"name":"wp","href":"https:\/\/api.w.org\/{rel}","templated":true}]}}