{"id":3354,"date":"2015-12-11T15:20:27","date_gmt":"2015-12-11T14:20:27","guid":{"rendered":"http:\/\/it.elds.org\/gesu-cristo-org\/?p=3354"},"modified":"2018-10-25T16:27:52","modified_gmt":"2018-10-25T14:27:52","slug":"perche-dio-non-si-mostra","status":"publish","type":"post","link":"https:\/\/it.elds.org\/gesu-cristo-org\/2015\/12\/11\/perche-dio-non-si-mostra\/","title":{"rendered":"Perch\u00e9 Dio non si mostra ai non credenti?"},"content":{"rendered":"<p class=\"p1\"><a href=\"https:\/\/it.elds.org\/gesu-cristo-org\/files\/2015\/12\/perche-Dio-non-si-va-vedere.jpg\"><img fetchpriority=\"high\" fetchpriority=\"high\" decoding=\"async\" class=\"aligncenter size-full wp-image-6979\" src=\"https:\/\/it.elds.org\/gesu-cristo-org\/files\/2015\/12\/perche-Dio-non-si-va-vedere.jpg\" alt=\"\" width=\"948\" height=\"542\" srcset=\"https:\/\/it.elds.org\/gesu-cristo-org\/files\/2015\/12\/perche-Dio-non-si-va-vedere.jpg 948w, https:\/\/it.elds.org\/gesu-cristo-org\/files\/2015\/12\/perche-Dio-non-si-va-vedere-300x172.jpg 300w, https:\/\/it.elds.org\/gesu-cristo-org\/files\/2015\/12\/perche-Dio-non-si-va-vedere-768x439.jpg 768w\" sizes=\"(max-width: 948px) 100vw, 948px\" \/><\/a>Perch\u00e9 Dio non si mostra a tutti? A quel punto, non ci sarebbero pi\u00f9 dubbi, per i non credenti, sulla Sua esistenza.<\/p>\n<p class=\"p2\">Sappiamo gi\u00e0 che serviremmo e seguiremmo Dio, se Egli fosse in piedi di fronte a noi; questo \u00e8 stato determinato nella vita pre-mortale, quando Satana ha portato via il cuore della terza parte delle schiere celesti.<\/p>\n<p class=\"p2\">Erano loro che non avrebbero seguito Dio, nonostante lo vedessero e lo udissero proclamare la verit\u00e0. Non eravamo parte di quel gruppo. In un certo senso, abbiamo superato quel test.<\/p>\n<h2>Perch\u00e9 Dio non si mostra&nbsp;<\/h2>\n<p class=\"p2\"><span class=\"s1\">Lo scopo della nostra vita, qui e ora, \u00e8 vedere se cercheremo a Dio, se torneremo a Lui e Lo serviremo, anche quando non siamo in grado di vederlo o sentirlo. <\/span><\/p>\n<p class=\"p2\"><span class=\"s1\">Come ci dice 2 Corinzi 5:7: &#8220;Perch\u00e8 noi camminiamo per fede e non per visione&#8221;. Perch\u00e9? Lo scopo sembra essere quello di scoprire i veri desideri del nostro cuore. Siamo di Dio? <\/span><\/p>\n<p class=\"p2\"><span class=\"s1\">Abbiamo il nostro desiderio naturale che spinge verso Dio, nasce nei nostri spiriti dalla loro <a href=\"https:\/\/it.elds.org\/gesu-cristo-org\/2018\/01\/31\/il-concilio-nel-cielo\/\" target=\"_blank\" rel=\"noopener\">creazione pre-terrena<\/a>, supera i desideri della carne, che noi ereditiamo nella mortalit\u00e0? Il nostro desiderio del bene, supera il nostro desiderio del piacere, della facilit\u00e0 e della comodit\u00e0?&nbsp;<\/span><\/p>\n<p class=\"p2\"><span class=\"s1\">Coloro che cercano Dio, verranno a conoscerlo. Questo ci viene promesso. E molte volte, la conoscenza viene solo nei momenti estremi, inclusa la separazione dalla presenza di Dio.<\/span><\/p>\n","protected":false},"excerpt":{"rendered":"<p>Lo scopo della nostra vita, \u00e8 vedere se cercheremo a Dio, se torneremo a Lui e Lo serviremo, anche quando non siamo in grado di vederlo o sentirlo. <\/p>\n","protected":false},"author":46,"featured_media":6979,"comment_status":"open","ping_status":"closed","sticky":false,"template":"","format":"standard","meta":{"_et_pb_use_builder":"","_et_pb_old_content":"","_et_gb_content_width":"","_monsterinsights_skip_tracking":false,"_monsterinsights_sitenote_active":false,"_monsterinsights_sitenote_note":"","_monsterinsights_sitenote_category":0,"ngg_post_thumbnail":0,"footnotes":""},"categories":[7],"tags":[1022],"class_list":["post-3354","post","type-post","status-publish","format-standard","has-post-thumbnail","hentry","category-dottrine","tag-chiesa-cristiana"],"yoast_head":"<!-- This site is optimized with the Yoast SEO plugin v27.4 - https:\/\/yoast.com\/product\/yoast-seo-wordpress\/ -->\n<title>Perch\u00e9 Dio non si mostra ai non credenti? | gesucristo.org<\/title>\n<meta name=\"description\" content=\"Perch\u00e9 Dio non si mostra? Lo scopo della nostra vita, \u00e8 vedere se cercheremo a Dio, se torneremo a Lui, anche quando non siamo in grado di vederlo\" \/>\n<meta name=\"robots\" content=\"index, follow, max-snippet:-1, max-image-preview:large, max-video-preview:-1\" \/>\n<link rel=\"canonical\" href=\"https:\/\/it.elds.org\/gesu-cristo-org\/2015\/12\/11\/perche-dio-non-si-mostra\/\" \/>\n<meta property=\"og:locale\" content=\"it_IT\" \/>\n<meta property=\"og:type\" content=\"article\" \/>\n<meta property=\"og:title\" content=\"Perch\u00e9 Dio non si mostra ai non credenti? | gesucristo.org\" \/>\n<meta property=\"og:description\" content=\"Perch\u00e9 Dio non si mostra? Lo scopo della nostra vita, \u00e8 vedere se cercheremo a Dio, se torneremo a Lui, anche quando non siamo in grado di vederlo\" \/>\n<meta property=\"og:url\" content=\"https:\/\/it.elds.org\/gesu-cristo-org\/2015\/12\/11\/perche-dio-non-si-mostra\/\" \/>\n<meta property=\"og:site_name\" content=\"gesucristo.org\" \/>\n<meta property=\"article:published_time\" content=\"2015-12-11T14:20:27+00:00\" \/>\n<meta property=\"article:modified_time\" content=\"2018-10-25T14:27:52+00:00\" \/>\n<meta property=\"og:image\" content=\"https:\/\/it.elds.org\/gesu-cristo-org\/files\/2015\/12\/perche-Dio-non-si-va-vedere.jpg\" \/>\n\t<meta property=\"og:image:width\" content=\"948\" \/>\n\t<meta property=\"og:image:height\" content=\"542\" \/>\n\t<meta property=\"og:image:type\" content=\"image\/jpeg\" \/>\n<meta name=\"author\" content=\"collaboratore\" \/>\n<meta name=\"twitter:card\" content=\"summary_large_image\" \/>\n<meta name=\"twitter:label1\" content=\"Scritto da\" \/>\n\t<meta name=\"twitter:data1\" content=\"collaboratore\" \/>\n\t<meta name=\"twitter:label2\" content=\"Tempo di lettura stimato\" \/>\n\t<meta name=\"twitter:data2\" content=\"1 minuto\" \/>\n<script type=\"application\/ld+json\" class=\"yoast-schema-graph\">{\"@context\":\"https:\\\/\\\/schema.org\",\"@graph\":[{\"@type\":\"Article\",\"@id\":\"https:\\\/\\\/it.elds.org\\\/gesu-cristo-org\\\/2015\\\/12\\\/11\\\/perche-dio-non-si-mostra\\\/#article\",\"isPartOf\":{\"@id\":\"https:\\\/\\\/it.elds.org\\\/gesu-cristo-org\\\/2015\\\/12\\\/11\\\/perche-dio-non-si-mostra\\\/\"},\"author\":{\"name\":\"collaboratore\",\"@id\":\"https:\\\/\\\/it.elds.org\\\/gesu-cristo-org\\\/#\\\/schema\\\/person\\\/9f9faa532ad696ec68671c3e957b6ce9\"},\"headline\":\"Perch\u00e9 Dio non si mostra ai non credenti?\",\"datePublished\":\"2015-12-11T14:20:27+00:00\",\"dateModified\":\"2018-10-25T14:27:52+00:00\",\"mainEntityOfPage\":{\"@id\":\"https:\\\/\\\/it.elds.org\\\/gesu-cristo-org\\\/2015\\\/12\\\/11\\\/perche-dio-non-si-mostra\\\/\"},\"wordCount\":233,\"commentCount\":0,\"image\":{\"@id\":\"https:\\\/\\\/it.elds.org\\\/gesu-cristo-org\\\/2015\\\/12\\\/11\\\/perche-dio-non-si-mostra\\\/#primaryimage\"},\"thumbnailUrl\":\"https:\\\/\\\/it.elds.org\\\/gesu-cristo-org\\\/files\\\/2015\\\/12\\\/perche-Dio-non-si-va-vedere.jpg\",\"keywords\":[\"chiesa cristiana\"],\"articleSection\":[\"Dottrine\"],\"inLanguage\":\"it-IT\",\"potentialAction\":[{\"@type\":\"CommentAction\",\"name\":\"Comment\",\"target\":[\"https:\\\/\\\/it.elds.org\\\/gesu-cristo-org\\\/2015\\\/12\\\/11\\\/perche-dio-non-si-mostra\\\/#respond\"]}]},{\"@type\":\"WebPage\",\"@id\":\"https:\\\/\\\/it.elds.org\\\/gesu-cristo-org\\\/2015\\\/12\\\/11\\\/perche-dio-non-si-mostra\\\/\",\"url\":\"https:\\\/\\\/it.elds.org\\\/gesu-cristo-org\\\/2015\\\/12\\\/11\\\/perche-dio-non-si-mostra\\\/\",\"name\":\"Perch\u00e9 Dio non si mostra ai non credenti? | gesucristo.org\",\"isPartOf\":{\"@id\":\"https:\\\/\\\/it.elds.org\\\/gesu-cristo-org\\\/#website\"},\"primaryImageOfPage\":{\"@id\":\"https:\\\/\\\/it.elds.org\\\/gesu-cristo-org\\\/2015\\\/12\\\/11\\\/perche-dio-non-si-mostra\\\/#primaryimage\"},\"image\":{\"@id\":\"https:\\\/\\\/it.elds.org\\\/gesu-cristo-org\\\/2015\\\/12\\\/11\\\/perche-dio-non-si-mostra\\\/#primaryimage\"},\"thumbnailUrl\":\"https:\\\/\\\/it.elds.org\\\/gesu-cristo-org\\\/files\\\/2015\\\/12\\\/perche-Dio-non-si-va-vedere.jpg\",\"datePublished\":\"2015-12-11T14:20:27+00:00\",\"dateModified\":\"2018-10-25T14:27:52+00:00\",\"author\":{\"@id\":\"https:\\\/\\\/it.elds.org\\\/gesu-cristo-org\\\/#\\\/schema\\\/person\\\/9f9faa532ad696ec68671c3e957b6ce9\"},\"description\":\"Perch\u00e9 Dio non si mostra? Lo scopo della nostra vita, \u00e8 vedere se cercheremo a Dio, se torneremo a Lui, anche quando non siamo in grado di vederlo\",\"breadcrumb\":{\"@id\":\"https:\\\/\\\/it.elds.org\\\/gesu-cristo-org\\\/2015\\\/12\\\/11\\\/perche-dio-non-si-mostra\\\/#breadcrumb\"},\"inLanguage\":\"it-IT\",\"potentialAction\":[{\"@type\":\"ReadAction\",\"target\":[\"https:\\\/\\\/it.elds.org\\\/gesu-cristo-org\\\/2015\\\/12\\\/11\\\/perche-dio-non-si-mostra\\\/\"]}]},{\"@type\":\"ImageObject\",\"inLanguage\":\"it-IT\",\"@id\":\"https:\\\/\\\/it.elds.org\\\/gesu-cristo-org\\\/2015\\\/12\\\/11\\\/perche-dio-non-si-mostra\\\/#primaryimage\",\"url\":\"https:\\\/\\\/it.elds.org\\\/gesu-cristo-org\\\/files\\\/2015\\\/12\\\/perche-Dio-non-si-va-vedere.jpg\",\"contentUrl\":\"https:\\\/\\\/it.elds.org\\\/gesu-cristo-org\\\/files\\\/2015\\\/12\\\/perche-Dio-non-si-va-vedere.jpg\",\"width\":948,\"height\":542,\"caption\":\"Dio non si mostra\"},{\"@type\":\"BreadcrumbList\",\"@id\":\"https:\\\/\\\/it.elds.org\\\/gesu-cristo-org\\\/2015\\\/12\\\/11\\\/perche-dio-non-si-mostra\\\/#breadcrumb\",\"itemListElement\":[{\"@type\":\"ListItem\",\"position\":1,\"name\":\"Home\",\"item\":\"https:\\\/\\\/it.elds.org\\\/gesu-cristo-org\\\/\"},{\"@type\":\"ListItem\",\"position\":2,\"name\":\"Perch\u00e9 Dio non si mostra ai non credenti?\"}]},{\"@type\":\"WebSite\",\"@id\":\"https:\\\/\\\/it.elds.org\\\/gesu-cristo-org\\\/#website\",\"url\":\"https:\\\/\\\/it.elds.org\\\/gesu-cristo-org\\\/\",\"name\":\"gesucristo.org\",\"description\":\"Il sito gesucristo.org offre una visione allargata del vangelo restaurato di Ges\u00f9 Cristo e di come possiamo usarlo per vincere le sfide degli ultimi giorni, con consigli, esempi e storie edificanti.\",\"potentialAction\":[{\"@type\":\"SearchAction\",\"target\":{\"@type\":\"EntryPoint\",\"urlTemplate\":\"https:\\\/\\\/it.elds.org\\\/gesu-cristo-org\\\/?s={search_term_string}\"},\"query-input\":{\"@type\":\"PropertyValueSpecification\",\"valueRequired\":true,\"valueName\":\"search_term_string\"}}],\"inLanguage\":\"it-IT\"},{\"@type\":\"Person\",\"@id\":\"https:\\\/\\\/it.elds.org\\\/gesu-cristo-org\\\/#\\\/schema\\\/person\\\/9f9faa532ad696ec68671c3e957b6ce9\",\"name\":\"collaboratore\",\"image\":{\"@type\":\"ImageObject\",\"inLanguage\":\"it-IT\",\"@id\":\"https:\\\/\\\/secure.gravatar.com\\\/avatar\\\/68ea6b338e1482bc760fb2dde30ab4a53d2b8af708975f664a091b0208c05535?s=96&d=mm&r=g\",\"url\":\"https:\\\/\\\/secure.gravatar.com\\\/avatar\\\/68ea6b338e1482bc760fb2dde30ab4a53d2b8af708975f664a091b0208c05535?s=96&d=mm&r=g\",\"contentUrl\":\"https:\\\/\\\/secure.gravatar.com\\\/avatar\\\/68ea6b338e1482bc760fb2dde30ab4a53d2b8af708975f664a091b0208c05535?s=96&d=mm&r=g\",\"caption\":\"collaboratore\"},\"description\":\"Pi\u00f9fede.it ha lo scopo di fornire informazioni corrette ed edificanti sulla Chiesa di Ges\u00f9 Cristo dei Santi degli Ultimi Giorni. Non \u00e8 un sito internet ufficiale della Chiesa, n\u00e9 rappresenta necessariamente la posizione della Chiesa. Il sito internet \u00e8 gestito da comuni membri della Chiesa che vogliono condividere con gli altri il bene che deriva dal Vangelo restaurato di Ges\u00f9 Cristo. Questo articolo \u00e8 stato scritto o tradotto da uno dei nostri volontari. Se siete interessati a contribuire con i vostri testi (oppure video, grafica ecc), per favore contattaci.\",\"url\":\"https:\\\/\\\/it.elds.org\\\/gesu-cristo-org\\\/author\\\/collaboratore\\\/\"}]}<\/script>\n<!-- \/ Yoast SEO plugin. -->","yoast_head_json":{"title":"Perch\u00e9 Dio non si mostra ai non credenti? | gesucristo.org","description":"Perch\u00e9 Dio non si mostra? Lo scopo della nostra vita, \u00e8 vedere se cercheremo a Dio, se torneremo a Lui, anche quando non siamo in grado di vederlo","robots":{"index":"index","follow":"follow","max-snippet":"max-snippet:-1","max-image-preview":"max-image-preview:large","max-video-preview":"max-video-preview:-1"},"canonical":"https:\/\/it.elds.org\/gesu-cristo-org\/2015\/12\/11\/perche-dio-non-si-mostra\/","og_locale":"it_IT","og_type":"article","og_title":"Perch\u00e9 Dio non si mostra ai non credenti? | gesucristo.org","og_description":"Perch\u00e9 Dio non si mostra? Lo scopo della nostra vita, \u00e8 vedere se cercheremo a Dio, se torneremo a Lui, anche quando non siamo in grado di vederlo","og_url":"https:\/\/it.elds.org\/gesu-cristo-org\/2015\/12\/11\/perche-dio-non-si-mostra\/","og_site_name":"gesucristo.org","article_published_time":"2015-12-11T14:20:27+00:00","article_modified_time":"2018-10-25T14:27:52+00:00","og_image":[{"width":948,"height":542,"url":"https:\/\/it.elds.org\/gesu-cristo-org\/files\/2015\/12\/perche-Dio-non-si-va-vedere.jpg","type":"image\/jpeg"}],"author":"collaboratore","twitter_card":"summary_large_image","twitter_misc":{"Scritto da":"collaboratore","Tempo di lettura stimato":"1 minuto"},"schema":{"@context":"https:\/\/schema.org","@graph":[{"@type":"Article","@id":"https:\/\/it.elds.org\/gesu-cristo-org\/2015\/12\/11\/perche-dio-non-si-mostra\/#article","isPartOf":{"@id":"https:\/\/it.elds.org\/gesu-cristo-org\/2015\/12\/11\/perche-dio-non-si-mostra\/"},"author":{"name":"collaboratore","@id":"https:\/\/it.elds.org\/gesu-cristo-org\/#\/schema\/person\/9f9faa532ad696ec68671c3e957b6ce9"},"headline":"Perch\u00e9 Dio non si mostra ai non credenti?","datePublished":"2015-12-11T14:20:27+00:00","dateModified":"2018-10-25T14:27:52+00:00","mainEntityOfPage":{"@id":"https:\/\/it.elds.org\/gesu-cristo-org\/2015\/12\/11\/perche-dio-non-si-mostra\/"},"wordCount":233,"commentCount":0,"image":{"@id":"https:\/\/it.elds.org\/gesu-cristo-org\/2015\/12\/11\/perche-dio-non-si-mostra\/#primaryimage"},"thumbnailUrl":"https:\/\/it.elds.org\/gesu-cristo-org\/files\/2015\/12\/perche-Dio-non-si-va-vedere.jpg","keywords":["chiesa cristiana"],"articleSection":["Dottrine"],"inLanguage":"it-IT","potentialAction":[{"@type":"CommentAction","name":"Comment","target":["https:\/\/it.elds.org\/gesu-cristo-org\/2015\/12\/11\/perche-dio-non-si-mostra\/#respond"]}]},{"@type":"WebPage","@id":"https:\/\/it.elds.org\/gesu-cristo-org\/2015\/12\/11\/perche-dio-non-si-mostra\/","url":"https:\/\/it.elds.org\/gesu-cristo-org\/2015\/12\/11\/perche-dio-non-si-mostra\/","name":"Perch\u00e9 Dio non si mostra ai non credenti? | gesucristo.org","isPartOf":{"@id":"https:\/\/it.elds.org\/gesu-cristo-org\/#website"},"primaryImageOfPage":{"@id":"https:\/\/it.elds.org\/gesu-cristo-org\/2015\/12\/11\/perche-dio-non-si-mostra\/#primaryimage"},"image":{"@id":"https:\/\/it.elds.org\/gesu-cristo-org\/2015\/12\/11\/perche-dio-non-si-mostra\/#primaryimage"},"thumbnailUrl":"https:\/\/it.elds.org\/gesu-cristo-org\/files\/2015\/12\/perche-Dio-non-si-va-vedere.jpg","datePublished":"2015-12-11T14:20:27+00:00","dateModified":"2018-10-25T14:27:52+00:00","author":{"@id":"https:\/\/it.elds.org\/gesu-cristo-org\/#\/schema\/person\/9f9faa532ad696ec68671c3e957b6ce9"},"description":"Perch\u00e9 Dio non si mostra? Lo scopo della nostra vita, \u00e8 vedere se cercheremo a Dio, se torneremo a Lui, anche quando non siamo in grado di vederlo","breadcrumb":{"@id":"https:\/\/it.elds.org\/gesu-cristo-org\/2015\/12\/11\/perche-dio-non-si-mostra\/#breadcrumb"},"inLanguage":"it-IT","potentialAction":[{"@type":"ReadAction","target":["https:\/\/it.elds.org\/gesu-cristo-org\/2015\/12\/11\/perche-dio-non-si-mostra\/"]}]},{"@type":"ImageObject","inLanguage":"it-IT","@id":"https:\/\/it.elds.org\/gesu-cristo-org\/2015\/12\/11\/perche-dio-non-si-mostra\/#primaryimage","url":"https:\/\/it.elds.org\/gesu-cristo-org\/files\/2015\/12\/perche-Dio-non-si-va-vedere.jpg","contentUrl":"https:\/\/it.elds.org\/gesu-cristo-org\/files\/2015\/12\/perche-Dio-non-si-va-vedere.jpg","width":948,"height":542,"caption":"Dio non si mostra"},{"@type":"BreadcrumbList","@id":"https:\/\/it.elds.org\/gesu-cristo-org\/2015\/12\/11\/perche-dio-non-si-mostra\/#breadcrumb","itemListElement":[{"@type":"ListItem","position":1,"name":"Home","item":"https:\/\/it.elds.org\/gesu-cristo-org\/"},{"@type":"ListItem","position":2,"name":"Perch\u00e9 Dio non si mostra ai non credenti?"}]},{"@type":"WebSite","@id":"https:\/\/it.elds.org\/gesu-cristo-org\/#website","url":"https:\/\/it.elds.org\/gesu-cristo-org\/","name":"gesucristo.org","description":"Il sito gesucristo.org offre una visione allargata del vangelo restaurato di Ges\u00f9 Cristo e di come possiamo usarlo per vincere le sfide degli ultimi giorni, con consigli, esempi e storie edificanti.","potentialAction":[{"@type":"SearchAction","target":{"@type":"EntryPoint","urlTemplate":"https:\/\/it.elds.org\/gesu-cristo-org\/?s={search_term_string}"},"query-input":{"@type":"PropertyValueSpecification","valueRequired":true,"valueName":"search_term_string"}}],"inLanguage":"it-IT"},{"@type":"Person","@id":"https:\/\/it.elds.org\/gesu-cristo-org\/#\/schema\/person\/9f9faa532ad696ec68671c3e957b6ce9","name":"collaboratore","image":{"@type":"ImageObject","inLanguage":"it-IT","@id":"https:\/\/secure.gravatar.com\/avatar\/68ea6b338e1482bc760fb2dde30ab4a53d2b8af708975f664a091b0208c05535?s=96&d=mm&r=g","url":"https:\/\/secure.gravatar.com\/avatar\/68ea6b338e1482bc760fb2dde30ab4a53d2b8af708975f664a091b0208c05535?s=96&d=mm&r=g","contentUrl":"https:\/\/secure.gravatar.com\/avatar\/68ea6b338e1482bc760fb2dde30ab4a53d2b8af708975f664a091b0208c05535?s=96&d=mm&r=g","caption":"collaboratore"},"description":"Pi\u00f9fede.it ha lo scopo di fornire informazioni corrette ed edificanti sulla Chiesa di Ges\u00f9 Cristo dei Santi degli Ultimi Giorni. Non \u00e8 un sito internet ufficiale della Chiesa, n\u00e9 rappresenta necessariamente la posizione della Chiesa. Il sito internet \u00e8 gestito da comuni membri della Chiesa che vogliono condividere con gli altri il bene che deriva dal Vangelo restaurato di Ges\u00f9 Cristo. Questo articolo \u00e8 stato scritto o tradotto da uno dei nostri volontari. Se siete interessati a contribuire con i vostri testi (oppure video, grafica ecc), per favore contattaci.","url":"https:\/\/it.elds.org\/gesu-cristo-org\/author\/collaboratore\/"}]}},"_links":{"self":[{"href":"https:\/\/it.elds.org\/gesu-cristo-org\/wp-json\/wp\/v2\/posts\/3354","targetHints":{"allow":["GET"]}}],"collection":[{"href":"https:\/\/it.elds.org\/gesu-cristo-org\/wp-json\/wp\/v2\/posts"}],"about":[{"href":"https:\/\/it.elds.org\/gesu-cristo-org\/wp-json\/wp\/v2\/types\/post"}],"author":[{"embeddable":true,"href":"https:\/\/it.elds.org\/gesu-cristo-org\/wp-json\/wp\/v2\/users\/46"}],"replies":[{"embeddable":true,"href":"https:\/\/it.elds.org\/gesu-cristo-org\/wp-json\/wp\/v2\/comments?post=3354"}],"version-history":[{"count":6,"href":"https:\/\/it.elds.org\/gesu-cristo-org\/wp-json\/wp\/v2\/posts\/3354\/revisions"}],"predecessor-version":[{"id":6980,"href":"https:\/\/it.elds.org\/gesu-cristo-org\/wp-json\/wp\/v2\/posts\/3354\/revisions\/6980"}],"wp:featuredmedia":[{"embeddable":true,"href":"https:\/\/it.elds.org\/gesu-cristo-org\/wp-json\/wp\/v2\/media\/6979"}],"wp:attachment":[{"href":"https:\/\/it.elds.org\/gesu-cristo-org\/wp-json\/wp\/v2\/media?parent=3354"}],"wp:term":[{"taxonomy":"category","embeddable":true,"href":"https:\/\/it.elds.org\/gesu-cristo-org\/wp-json\/wp\/v2\/categories?post=3354"},{"taxonomy":"post_tag","embeddable":true,"href":"https:\/\/it.elds.org\/gesu-cristo-org\/wp-json\/wp\/v2\/tags?post=3354"}],"curies":[{"name":"wp","href":"https:\/\/api.w.org\/{rel}","templated":true}]}}