{"id":6759,"date":"2018-07-02T14:07:52","date_gmt":"2018-07-02T12:07:52","guid":{"rendered":"https:\/\/it.elds.org\/gesu-cristo-org\/?p=6759"},"modified":"2018-07-31T16:27:53","modified_gmt":"2018-07-31T14:27:53","slug":"danni-lapidazione-moderna","status":"publish","type":"post","link":"https:\/\/it.elds.org\/gesu-cristo-org\/2018\/07\/02\/danni-lapidazione-moderna\/","title":{"rendered":"Lanciare la prima pietra &#8211; danni della lapidazione moderna"},"content":{"rendered":"<p><span style=\"font-weight: 400;\"><a href=\"https:\/\/it.elds.org\/gesu-cristo-org\/files\/2018\/07\/lapidazione.jpg\"><img fetchpriority=\"high\" fetchpriority=\"high\" decoding=\"async\" class=\"aligncenter wp-image-6762 size-full\" title=\"lapidazione nei tempi di Ges\u00f9\" src=\"https:\/\/it.elds.org\/gesu-cristo-org\/files\/2018\/07\/lapidazione.jpg\" alt=\"lanciare la prima pietra\" width=\"948\" height=\"542\" srcset=\"https:\/\/it.elds.org\/gesu-cristo-org\/files\/2018\/07\/lapidazione.jpg 948w, https:\/\/it.elds.org\/gesu-cristo-org\/files\/2018\/07\/lapidazione-300x172.jpg 300w, https:\/\/it.elds.org\/gesu-cristo-org\/files\/2018\/07\/lapidazione-768x439.jpg 768w\" sizes=\"(max-width: 948px) 100vw, 948px\" \/><\/a>La lapidazione nei tempi di Ges\u00f9. Il capitolo 8 del Vangelo di Giovanni nel Nuovo Testamento descrive un evento di grande impatto che riguarda la misericordia di Cristo, nel momento in cui gli viene sottoposta la richiesta di giudicare una donna adultera. <\/span><\/p>\n<p><span style=\"font-weight: 400;\">Un gruppo di scribi e farisei suggerisce a <a href=\"https:\/\/it.elds.org\/gesu-cristo-org\/2018\/04\/06\/come-essere-trovati-da-cristo\/\" target=\"_blank\" rel=\"noopener\">Cristo<\/a> che la donna debba essere lapidata secondo la legge; Cristo risponde che colui che \u00e8 senza peccato pu\u00f2 lanciare la prima pietra. <\/span><\/p>\n<p><span style=\"font-weight: 400;\">La sua risposta provoca la dispersione della folla, poich\u00e9 essi &#8220;sono stati condannati dalla loro stessa coscienza&#8221;.<\/span><\/p>\n<p><span style=\"font-weight: 400;\">Ci\u00f2 che rimane di questo incontro \u00e8 un amorevole salvatore, una donna con una seconda possibilit\u00e0 e, presumibilmente, un mucchio di pietre inutilizzate.<\/span><\/p>\n<p><span style=\"font-weight: 400;\">Dal momento che ho spesso pensato a questa storia in passato, i miei pensieri sono stati tipicamente rivolti verso il compassionevole perdono del Salvatore. <\/span><\/p>\n<p><span style=\"font-weight: 400;\">Ho sentito la speranza di non essere condannato da Cristo, quando commetto errori. <\/span><span style=\"font-weight: 400;\">Egli mi guida amorevolmente lungo il <a href=\"https:\/\/it.elds.org\/gesu-cristo-org\/2017\/07\/01\/tesori-celesti\/\" target=\"_blank\" rel=\"noopener\">sentiero del cambiamento<\/a>.<\/span><\/p>\n<h2>Lanciare la prima pietra<\/h2>\n<p><span style=\"font-weight: 400;\">Oggi, per\u00f2, i miei pensieri sono centrati sulle pietre inutilizzate. <\/span><\/p>\n<p><span style=\"font-weight: 400;\">Quando i Farisei e gli scribi riconobbero la lezione nell&#8217;imperativo di Cristo (che solo Lui, essendo senza peccato tra loro, aveva il diritto di giudicare questa donna), quanti lasciarono andare le loro pietre e quanti si aggrapparono ad esse mentre se ne andavano?<\/span><\/p>\n<p><span style=\"font-weight: 400;\">Quante pietre sto trattenendo, pronto a scagliarle contro qualcuno che sento che lo abbia meritato? In quali modi giustifico proverbialmente il mio picchiare e lacerare gli altri, con il pretesto di preservare e difendere la giustizia (presumibilmente secondo le leggi di Dio)?<\/span><\/p>\n<p><b>Studio del caso n.1<\/b><\/p>\n<p><span style=\"font-weight: 400;\"><a href=\"https:\/\/it.elds.org\/gesu-cristo-org\/files\/2018\/07\/tatuaggi.jpg\"><img decoding=\"async\" class=\"aligncenter wp-image-6765 size-full\" title=\"tatuaggi\" src=\"https:\/\/it.elds.org\/gesu-cristo-org\/files\/2018\/07\/tatuaggi.jpg\" alt=\"donna con tatuaggi\" width=\"600\" height=\"400\" srcset=\"https:\/\/it.elds.org\/gesu-cristo-org\/files\/2018\/07\/tatuaggi.jpg 600w, https:\/\/it.elds.org\/gesu-cristo-org\/files\/2018\/07\/tatuaggi-300x200.jpg 300w\" sizes=\"(max-width: 600px) 100vw, 600px\" \/><\/a>Un mio caro amico ha recentemente raccontato un&#8217;esperienza terribile in cui i suoi figli sono stati respinti, ostracizzati e resi vittime di bullismo. <\/span><\/p>\n<p><span style=\"font-weight: 400;\">Secondo il mio amico, gli altri bambini evitavano di sedersi con i suoi figli a pranzo e rifiutavano di vedersi con loro per giocare (Ecco la pietra del &#8220;frequenta solo gli amici che condividono i tuoi stessi standard&#8221; che infrange l\u2019autostima di una bambina di 9 anni). <\/span><\/p>\n<p><span style=\"font-weight: 400;\">Gli \u00e8 stato anche detto dai genitori che non volevano i suoi figli a casa loro, a causa delle impressioni che i loro bambini avrebbero potuto avere vedendolo in canottiera o vedendo i suoi tatuaggi. (La pietra del &#8220;proteggere i vostri bambini dalle influenze del male&#8221; indebolisce la fiducia nella societ\u00e0 della figlia di undici anni).<\/span><\/p>\n<p><b>Studio del caso n.2<\/b><\/p>\n<p><span style=\"font-weight: 400;\"><a href=\"https:\/\/it.elds.org\/gesu-cristo-org\/files\/2018\/07\/vittime-di-bullismo.jpg\"><img decoding=\"async\" class=\"aligncenter wp-image-6766 size-full\" title=\"vittima di bullismo\" src=\"https:\/\/it.elds.org\/gesu-cristo-org\/files\/2018\/07\/vittime-di-bullismo.jpg\" alt=\"lavorare di domenica\" width=\"600\" height=\"400\" srcset=\"https:\/\/it.elds.org\/gesu-cristo-org\/files\/2018\/07\/vittime-di-bullismo.jpg 600w, https:\/\/it.elds.org\/gesu-cristo-org\/files\/2018\/07\/vittime-di-bullismo-300x200.jpg 300w\" sizes=\"(max-width: 600px) 100vw, 600px\" \/><\/a>Di recente ho letto un post su Facebook, in un gruppo dedicato al fare domande e dare risposte, in cui qualcuno ha fatto una domanda sincera per chiarire ci\u00f2 che viene percepito come la &#8220;regola&#8221; di non lavorare di domenica. <\/span><\/p>\n<p><span style=\"font-weight: 400;\">Questa persona ha chiesto espressamente se andasse bene, per chi lavora in ambito medico, lavorare la domenica per aiutare le persone nelle situazioni di emergenza.<\/span><\/p>\n<p><span style=\"font-weight: 400;\">Una persona \u00e8 intervenuta commentando e dicendo a colui che aveva posto la domanda di smettere di essere cos\u00ec presuntuoso (E la pietra dell\u2019&#8221;evita e condanna la presunzione&#8221; demolisce la volont\u00e0 della persona che vuole fare domande di esprimersi o chiarire le proprie preoccupazioni). <\/span><\/p>\n<p><span style=\"font-weight: 400;\">Un altro ha commentato dicendo che fare questa domanda significa che \u00e8 stata completamente fraintesa la &#8220;<a href=\"https:\/\/it.elds.org\/gesu-cristo-org\/2016\/04\/07\/domenica-il-giorno-del-signore\/\" target=\"_blank\" rel=\"noopener\">Legge del Sabbath<\/a>&#8221; (La pietra di &#8220;la lettera della legge sostituisce lo spirito della legge&#8221; scolpisce un buco di insicurezza nel sistema dei principi di coloro che fanno delle domande).<\/span><\/p>\n<p><b>Studio del caso n.3<\/b><\/p>\n<p><span style=\"font-weight: 400;\"><a href=\"https:\/\/it.elds.org\/gesu-cristo-org\/files\/2018\/07\/violenza-sessuale.jpg\"><img loading=\"lazy\" loading=\"lazy\" decoding=\"async\" class=\"aligncenter wp-image-6763 size-full\" title=\"ospedale\" src=\"https:\/\/it.elds.org\/gesu-cristo-org\/files\/2018\/07\/violenza-sessuale.jpg\" alt=\"violenza sessuale\" width=\"600\" height=\"400\" srcset=\"https:\/\/it.elds.org\/gesu-cristo-org\/files\/2018\/07\/violenza-sessuale.jpg 600w, https:\/\/it.elds.org\/gesu-cristo-org\/files\/2018\/07\/violenza-sessuale-300x200.jpg 300w\" sizes=\"(max-width: 600px) 100vw, 600px\" \/><\/a>Una sopravvissuta ad una tentata violenza sessuale mi ha parlato delle reazioni e dei consigli che ha ricevuto mentre affrontava quell&#8217;esperienza. <\/span><\/p>\n<p><span style=\"font-weight: 400;\">Era ad una festa e stava bevendo quando un uomo l\u2019ha isolata e ha tentato di violentarla. <\/span><\/p>\n<p><span style=\"font-weight: 400;\">Una delle domande che il suo vescovo le ha posto, riguardo a quanto accaduto, \u00e8 stata: <\/span><\/p>\n<p><span style=\"font-weight: 400;\">&#8220;Che cosa ti aspettavi che accadesse ad una festa in cui tutti bevevano e gli ormoni si stavano scatenando?&#8221; (La pietra di &#8220;evita situazioni in cui i tuoi standard potrebbero essere compromessi&#8221; trafigge l&#8217;anima di una persona, rendendola responsabile per le azioni degli altri).<\/span><\/p>\n<p><span style=\"font-weight: 400;\">Ha anche raccontato come le sono arrivate le voci della gente del suo rione che sostenevano che lei probabilmente stesse esagerando e che poich\u00e9 si vestiva in modo non modesto cercava di attirare quel genere di ragazzi (Ed ecco la pietra del &#8220;vestire modestamente per evitare il male&#8221; che distrugge il suo senso di autostima e valore).<\/span><\/p>\n<h2>I danni della lapidazione moderna<\/h2>\n<p><span style=\"font-weight: 400;\"><a href=\"https:\/\/it.elds.org\/gesu-cristo-org\/files\/2018\/07\/Lanciare-la-prima-pietra.jpg\"><img loading=\"lazy\" loading=\"lazy\" decoding=\"async\" class=\"aligncenter wp-image-6767 size-full\" title=\"lanciare la prima pietra\" src=\"https:\/\/it.elds.org\/gesu-cristo-org\/files\/2018\/07\/Lanciare-la-prima-pietra.jpg\" alt=\"lapidazione moderna\" width=\"600\" height=\"400\" srcset=\"https:\/\/it.elds.org\/gesu-cristo-org\/files\/2018\/07\/Lanciare-la-prima-pietra.jpg 600w, https:\/\/it.elds.org\/gesu-cristo-org\/files\/2018\/07\/Lanciare-la-prima-pietra-300x200.jpg 300w\" sizes=\"(max-width: 600px) 100vw, 600px\" \/><\/a>In ciascuno di questi casi descritti sopra, delle persone reali sono state danneggiate in modo significativo mentre altri hanno &#8220;scagliato&#8221; i loro principi ed i loro valori. Una pietra pu\u00f2 essere usata per grandi scopi quando viene usata per costruire comunit\u00e0 forti e luoghi di rifugio. <\/span><\/p>\n<p><span style=\"font-weight: 400;\">Tuttavia, pu\u00f2 anche essere usata per causare grandi distruzioni se usata come arma di guerra o di giudizio.<\/span><\/p>\n<p><span style=\"font-weight: 400;\">Allo stesso modo i principi e le credenze possono servire per ottenere un grande beneficio nelle comunit\u00e0 e nella societ\u00e0, se compresi ed utilizzati in modo appropriato. Ma possono ugualmente causare una grande distruzione se usati aggressivamente per attaccare e giudicare gli altri.<\/span><\/p>\n<p><span style=\"font-weight: 400;\">Mentre contemplavo questa lezione, mi sono chiesto in che modo ho abusato dei principi e delle credenze che ritengo veri, come armi di attacco e di giudizio.<\/span><\/p>\n<p><span style=\"font-weight: 400;\">Quanto spesso rifiuto gli aiuti ai bisognosi e lo giustifico con i principi dell\u2019&#8221;autosufficienza&#8221; e dell\u2019&#8221;elusione del rendere abili gli altri&#8221;? Non dovrei invece praticare il principio dell&#8217;autosufficienza nella mia vita, cos\u00ec posso essere in una posizione migliore per dare liberamente a chi \u00e8 nel bisogno?<\/span><\/p>\n<p><span style=\"font-weight: 400;\">Quante volte, sui social media o nelle situazioni che vivo, le mie proiezioni riguardanti quanto io sia &#8220;benedetto&#8221; (seguendo il principio di &#8220;lascia che la tua luce brilli&#8221;) fanno s\u00ec che gli altri si sentano insicuri od insignificanti al confronto? <\/span><\/p>\n<p><span style=\"font-weight: 400;\">Il vero me, i miei errori, i miei dolori e le mie insicurezze non brillerebbero come un segnale pi\u00f9 luminoso di speranza che la mia fede in Dio pu\u00f2 farmi superare i momenti difficili cos\u00ec come quelli buoni?<\/span><\/p>\n<p><span style=\"font-weight: 400;\">Quanto spesso il mio uso di etichette come &#8220;meno attivo&#8221;, &#8220;inattivo&#8221; e &#8220;non membro&#8221; mentre cerco di vivere il principio &#8220;conoscere ed amare il prossimo&#8221; fa s\u00ec che gli altri si sentano ostracizzati ed alienati? <\/span><\/p>\n<p><span style=\"font-weight: 400;\">Conoscere i miei vicini mi aiuta a sostituire le etichette prive di significato, con dei rapporti significativi? Amarli non equivarrebbe ad accettarli cos\u00ec come sono senza sentire il bisogno di usare l&#8217;attivit\u00e0 in chiesa come fattore di divisione?<\/span><\/p>\n<p><span style=\"font-weight: 400;\">Sto imparando che in quasi tutti (se non tutti) i casi in cui giudico pubblicamente o inavvertitamente gli altri, sto usando male le convinzioni &#8220;giuste&#8221; che apprezzo cos\u00ec tanto, rendendole armi di distruzione. <\/span><\/p>\n<p><span style=\"font-weight: 400;\">Che tragico sfruttamento degli stessi principi che mi sono cos\u00ec cari. <\/span><\/p>\n<p><span style=\"font-weight: 400;\">Questa consapevolezza ha portato al desiderio di vivere in modo fedele ai miei valori, costruendo insieme agli altri invece di &#8220;lanciare&#8221; le mie convinzioni come un mezzo per sollevare me stesso, facendo a pezzi coloro che ho intorno. <\/span><\/p>\n<p><span style=\"font-weight: 400;\">Mentre il processo letterale di lapidazione dei peccatori \u00e8 stato abbandonato da tanto tempo nella nostra cultura, io voglio lavorare per lasciar andare le \u201cpietre\u201d ideali che ho usato per giudicare erroneamente gli altri ed abbatterli.<\/span><\/p>\n<p><span style=\"font-weight: 400;\">Questo articolo \u00e8 stato scritto da Jacob Burdis e pubblicato sul sito<\/span><a href=\"https:\/\/mormonhub.com\/blog\/life\/mormon-culture\/cast-first-stone\/\" target=\"_blank\" rel=\"nofollow noopener\"> <span style=\"font-weight: 400;\">mormonhub.com<\/span><\/a><span style=\"font-weight: 400;\">. Questo articolo \u00e8 stato tradotto da Cinzia Galasso<\/span><\/p>\n","protected":false},"excerpt":{"rendered":"<p>Oggi usiamo i nostri principi per lanciare la prima pietra della lapidazione morale, condannando e giudicando gli altri, invece di aiutarli ed essergli vicini.<\/p>\n","protected":false},"author":44,"featured_media":6762,"comment_status":"open","ping_status":"closed","sticky":false,"template":"","format":"standard","meta":{"_et_pb_use_builder":"","_et_pb_old_content":"","_et_gb_content_width":"","_monsterinsights_skip_tracking":false,"_monsterinsights_sitenote_active":false,"_monsterinsights_sitenote_note":"","_monsterinsights_sitenote_category":0,"ngg_post_thumbnail":0,"footnotes":""},"categories":[630],"tags":[985],"class_list":["post-6759","post","type-post","status-publish","format-standard","has-post-thumbnail","hentry","category-chiesa-cristiana","tag-perdono"],"yoast_head":"<!-- This site is optimized with the Yoast SEO plugin v27.5 - https:\/\/yoast.com\/product\/yoast-seo-wordpress\/ -->\n<title>Lanciare la prima pietra - danni della lapidazione moderna<\/title>\n<meta name=\"description\" content=\"Oggi usiamo i nostri principi per lanciare la prima pietra della lapidazione morale, condannando e giudicando gli altri.\" \/>\n<meta name=\"robots\" content=\"index, follow, max-snippet:-1, max-image-preview:large, max-video-preview:-1\" \/>\n<link rel=\"canonical\" href=\"https:\/\/it.elds.org\/gesu-cristo-org\/2018\/07\/02\/danni-lapidazione-moderna\/\" \/>\n<meta property=\"og:locale\" content=\"it_IT\" \/>\n<meta property=\"og:type\" content=\"article\" \/>\n<meta property=\"og:title\" content=\"Lanciare la prima pietra - danni della lapidazione moderna\" \/>\n<meta property=\"og:description\" content=\"Oggi usiamo i nostri principi per lanciare la prima pietra della lapidazione morale, condannando e giudicando gli altri.\" \/>\n<meta property=\"og:url\" content=\"https:\/\/it.elds.org\/gesu-cristo-org\/2018\/07\/02\/danni-lapidazione-moderna\/\" \/>\n<meta property=\"og:site_name\" content=\"gesucristo.org\" \/>\n<meta property=\"article:published_time\" content=\"2018-07-02T12:07:52+00:00\" \/>\n<meta property=\"article:modified_time\" content=\"2018-07-31T14:27:53+00:00\" \/>\n<meta property=\"og:image\" content=\"https:\/\/it.elds.org\/gesu-cristo-org\/files\/2018\/07\/lapidazione.jpg\" \/>\n\t<meta property=\"og:image:width\" content=\"948\" \/>\n\t<meta property=\"og:image:height\" content=\"542\" \/>\n\t<meta property=\"og:image:type\" content=\"image\/jpeg\" \/>\n<meta name=\"author\" content=\"Cinzia\" \/>\n<meta name=\"twitter:card\" content=\"summary_large_image\" \/>\n<meta name=\"twitter:label1\" content=\"Scritto da\" \/>\n\t<meta name=\"twitter:data1\" content=\"Cinzia\" \/>\n\t<meta name=\"twitter:label2\" content=\"Tempo di lettura stimato\" \/>\n\t<meta name=\"twitter:data2\" content=\"6 minuti\" \/>\n<script type=\"application\/ld+json\" class=\"yoast-schema-graph\">{\"@context\":\"https:\\\/\\\/schema.org\",\"@graph\":[{\"@type\":\"Article\",\"@id\":\"https:\\\/\\\/it.elds.org\\\/gesu-cristo-org\\\/2018\\\/07\\\/02\\\/danni-lapidazione-moderna\\\/#article\",\"isPartOf\":{\"@id\":\"https:\\\/\\\/it.elds.org\\\/gesu-cristo-org\\\/2018\\\/07\\\/02\\\/danni-lapidazione-moderna\\\/\"},\"author\":{\"name\":\"Cinzia\",\"@id\":\"https:\\\/\\\/it.elds.org\\\/gesu-cristo-org\\\/#\\\/schema\\\/person\\\/ce134334ee9829422fabc907058b43bd\"},\"headline\":\"Lanciare la prima pietra &#8211; danni della lapidazione moderna\",\"datePublished\":\"2018-07-02T12:07:52+00:00\",\"dateModified\":\"2018-07-31T14:27:53+00:00\",\"mainEntityOfPage\":{\"@id\":\"https:\\\/\\\/it.elds.org\\\/gesu-cristo-org\\\/2018\\\/07\\\/02\\\/danni-lapidazione-moderna\\\/\"},\"wordCount\":1190,\"commentCount\":2,\"image\":{\"@id\":\"https:\\\/\\\/it.elds.org\\\/gesu-cristo-org\\\/2018\\\/07\\\/02\\\/danni-lapidazione-moderna\\\/#primaryimage\"},\"thumbnailUrl\":\"https:\\\/\\\/it.elds.org\\\/gesu-cristo-org\\\/files\\\/2018\\\/07\\\/lapidazione.jpg\",\"keywords\":[\"perdono\"],\"articleSection\":[\"Chiesa cristiana\"],\"inLanguage\":\"it-IT\",\"potentialAction\":[{\"@type\":\"CommentAction\",\"name\":\"Comment\",\"target\":[\"https:\\\/\\\/it.elds.org\\\/gesu-cristo-org\\\/2018\\\/07\\\/02\\\/danni-lapidazione-moderna\\\/#respond\"]}]},{\"@type\":\"WebPage\",\"@id\":\"https:\\\/\\\/it.elds.org\\\/gesu-cristo-org\\\/2018\\\/07\\\/02\\\/danni-lapidazione-moderna\\\/\",\"url\":\"https:\\\/\\\/it.elds.org\\\/gesu-cristo-org\\\/2018\\\/07\\\/02\\\/danni-lapidazione-moderna\\\/\",\"name\":\"Lanciare la prima pietra - danni della lapidazione moderna\",\"isPartOf\":{\"@id\":\"https:\\\/\\\/it.elds.org\\\/gesu-cristo-org\\\/#website\"},\"primaryImageOfPage\":{\"@id\":\"https:\\\/\\\/it.elds.org\\\/gesu-cristo-org\\\/2018\\\/07\\\/02\\\/danni-lapidazione-moderna\\\/#primaryimage\"},\"image\":{\"@id\":\"https:\\\/\\\/it.elds.org\\\/gesu-cristo-org\\\/2018\\\/07\\\/02\\\/danni-lapidazione-moderna\\\/#primaryimage\"},\"thumbnailUrl\":\"https:\\\/\\\/it.elds.org\\\/gesu-cristo-org\\\/files\\\/2018\\\/07\\\/lapidazione.jpg\",\"datePublished\":\"2018-07-02T12:07:52+00:00\",\"dateModified\":\"2018-07-31T14:27:53+00:00\",\"author\":{\"@id\":\"https:\\\/\\\/it.elds.org\\\/gesu-cristo-org\\\/#\\\/schema\\\/person\\\/ce134334ee9829422fabc907058b43bd\"},\"description\":\"Oggi usiamo i nostri principi per lanciare la prima pietra della lapidazione morale, condannando e giudicando gli altri.\",\"breadcrumb\":{\"@id\":\"https:\\\/\\\/it.elds.org\\\/gesu-cristo-org\\\/2018\\\/07\\\/02\\\/danni-lapidazione-moderna\\\/#breadcrumb\"},\"inLanguage\":\"it-IT\",\"potentialAction\":[{\"@type\":\"ReadAction\",\"target\":[\"https:\\\/\\\/it.elds.org\\\/gesu-cristo-org\\\/2018\\\/07\\\/02\\\/danni-lapidazione-moderna\\\/\"]}]},{\"@type\":\"ImageObject\",\"inLanguage\":\"it-IT\",\"@id\":\"https:\\\/\\\/it.elds.org\\\/gesu-cristo-org\\\/2018\\\/07\\\/02\\\/danni-lapidazione-moderna\\\/#primaryimage\",\"url\":\"https:\\\/\\\/it.elds.org\\\/gesu-cristo-org\\\/files\\\/2018\\\/07\\\/lapidazione.jpg\",\"contentUrl\":\"https:\\\/\\\/it.elds.org\\\/gesu-cristo-org\\\/files\\\/2018\\\/07\\\/lapidazione.jpg\",\"width\":948,\"height\":542},{\"@type\":\"BreadcrumbList\",\"@id\":\"https:\\\/\\\/it.elds.org\\\/gesu-cristo-org\\\/2018\\\/07\\\/02\\\/danni-lapidazione-moderna\\\/#breadcrumb\",\"itemListElement\":[{\"@type\":\"ListItem\",\"position\":1,\"name\":\"Home\",\"item\":\"https:\\\/\\\/it.elds.org\\\/gesu-cristo-org\\\/\"},{\"@type\":\"ListItem\",\"position\":2,\"name\":\"Lanciare la prima pietra &#8211; danni della lapidazione moderna\"}]},{\"@type\":\"WebSite\",\"@id\":\"https:\\\/\\\/it.elds.org\\\/gesu-cristo-org\\\/#website\",\"url\":\"https:\\\/\\\/it.elds.org\\\/gesu-cristo-org\\\/\",\"name\":\"gesucristo.org\",\"description\":\"Il sito gesucristo.org offre una visione allargata del vangelo restaurato di Ges\u00f9 Cristo e di come possiamo usarlo per vincere le sfide degli ultimi giorni, con consigli, esempi e storie edificanti.\",\"potentialAction\":[{\"@type\":\"SearchAction\",\"target\":{\"@type\":\"EntryPoint\",\"urlTemplate\":\"https:\\\/\\\/it.elds.org\\\/gesu-cristo-org\\\/?s={search_term_string}\"},\"query-input\":{\"@type\":\"PropertyValueSpecification\",\"valueRequired\":true,\"valueName\":\"search_term_string\"}}],\"inLanguage\":\"it-IT\"},{\"@type\":\"Person\",\"@id\":\"https:\\\/\\\/it.elds.org\\\/gesu-cristo-org\\\/#\\\/schema\\\/person\\\/ce134334ee9829422fabc907058b43bd\",\"name\":\"Cinzia\",\"image\":{\"@type\":\"ImageObject\",\"inLanguage\":\"it-IT\",\"@id\":\"https:\\\/\\\/secure.gravatar.com\\\/avatar\\\/453a3b6b7fba71cb4f9fdcb60699e790d6c2d579f02116f4d33dae5b2732f4bb?s=96&d=mm&r=g\",\"url\":\"https:\\\/\\\/secure.gravatar.com\\\/avatar\\\/453a3b6b7fba71cb4f9fdcb60699e790d6c2d579f02116f4d33dae5b2732f4bb?s=96&d=mm&r=g\",\"contentUrl\":\"https:\\\/\\\/secure.gravatar.com\\\/avatar\\\/453a3b6b7fba71cb4f9fdcb60699e790d6c2d579f02116f4d33dae5b2732f4bb?s=96&d=mm&r=g\",\"caption\":\"Cinzia\"},\"description\":\"Cinzia \u00e8 un'impiegata ed una traduttrice. Ha una laurea in Scienze dell'Educazione e ha anche insegnato, per un paio di anni, a bambini della scuola materna, un lavoro che ha amato molto. E' stata un'insegnante nelle classi della Societ\u00e0 di Soccorso, delle Giovani Donne e dell'Istituto. Ha molti interessi: patchwork, quilling, oli essenziali. Le piace prendersi cura di s\u00e8 con soluzioni naturali. E' vegana e ama gli animali e la natura ed \u00e8 fermamente convinta che le creazioni di Dio siano sacre. E' una volontaria dell'ENPA, un'associazione italiana, per la protezione degli animali ed \u00e8 anche un membro di Greenpeace e del WWF. Ama passare il tempo con la sua famiglia e i suoi amici. Ama il vangelo di Ges\u00f9 Cristo e sa che le famiglie sono eterne.\",\"url\":\"https:\\\/\\\/it.elds.org\\\/gesu-cristo-org\\\/author\\\/cinzia\\\/\"}]}<\/script>\n<!-- \/ Yoast SEO plugin. -->","yoast_head_json":{"title":"Lanciare la prima pietra - danni della lapidazione moderna","description":"Oggi usiamo i nostri principi per lanciare la prima pietra della lapidazione morale, condannando e giudicando gli altri.","robots":{"index":"index","follow":"follow","max-snippet":"max-snippet:-1","max-image-preview":"max-image-preview:large","max-video-preview":"max-video-preview:-1"},"canonical":"https:\/\/it.elds.org\/gesu-cristo-org\/2018\/07\/02\/danni-lapidazione-moderna\/","og_locale":"it_IT","og_type":"article","og_title":"Lanciare la prima pietra - danni della lapidazione moderna","og_description":"Oggi usiamo i nostri principi per lanciare la prima pietra della lapidazione morale, condannando e giudicando gli altri.","og_url":"https:\/\/it.elds.org\/gesu-cristo-org\/2018\/07\/02\/danni-lapidazione-moderna\/","og_site_name":"gesucristo.org","article_published_time":"2018-07-02T12:07:52+00:00","article_modified_time":"2018-07-31T14:27:53+00:00","og_image":[{"width":948,"height":542,"url":"https:\/\/it.elds.org\/gesu-cristo-org\/files\/2018\/07\/lapidazione.jpg","type":"image\/jpeg"}],"author":"Cinzia","twitter_card":"summary_large_image","twitter_misc":{"Scritto da":"Cinzia","Tempo di lettura stimato":"6 minuti"},"schema":{"@context":"https:\/\/schema.org","@graph":[{"@type":"Article","@id":"https:\/\/it.elds.org\/gesu-cristo-org\/2018\/07\/02\/danni-lapidazione-moderna\/#article","isPartOf":{"@id":"https:\/\/it.elds.org\/gesu-cristo-org\/2018\/07\/02\/danni-lapidazione-moderna\/"},"author":{"name":"Cinzia","@id":"https:\/\/it.elds.org\/gesu-cristo-org\/#\/schema\/person\/ce134334ee9829422fabc907058b43bd"},"headline":"Lanciare la prima pietra &#8211; danni della lapidazione moderna","datePublished":"2018-07-02T12:07:52+00:00","dateModified":"2018-07-31T14:27:53+00:00","mainEntityOfPage":{"@id":"https:\/\/it.elds.org\/gesu-cristo-org\/2018\/07\/02\/danni-lapidazione-moderna\/"},"wordCount":1190,"commentCount":2,"image":{"@id":"https:\/\/it.elds.org\/gesu-cristo-org\/2018\/07\/02\/danni-lapidazione-moderna\/#primaryimage"},"thumbnailUrl":"https:\/\/it.elds.org\/gesu-cristo-org\/files\/2018\/07\/lapidazione.jpg","keywords":["perdono"],"articleSection":["Chiesa cristiana"],"inLanguage":"it-IT","potentialAction":[{"@type":"CommentAction","name":"Comment","target":["https:\/\/it.elds.org\/gesu-cristo-org\/2018\/07\/02\/danni-lapidazione-moderna\/#respond"]}]},{"@type":"WebPage","@id":"https:\/\/it.elds.org\/gesu-cristo-org\/2018\/07\/02\/danni-lapidazione-moderna\/","url":"https:\/\/it.elds.org\/gesu-cristo-org\/2018\/07\/02\/danni-lapidazione-moderna\/","name":"Lanciare la prima pietra - danni della lapidazione moderna","isPartOf":{"@id":"https:\/\/it.elds.org\/gesu-cristo-org\/#website"},"primaryImageOfPage":{"@id":"https:\/\/it.elds.org\/gesu-cristo-org\/2018\/07\/02\/danni-lapidazione-moderna\/#primaryimage"},"image":{"@id":"https:\/\/it.elds.org\/gesu-cristo-org\/2018\/07\/02\/danni-lapidazione-moderna\/#primaryimage"},"thumbnailUrl":"https:\/\/it.elds.org\/gesu-cristo-org\/files\/2018\/07\/lapidazione.jpg","datePublished":"2018-07-02T12:07:52+00:00","dateModified":"2018-07-31T14:27:53+00:00","author":{"@id":"https:\/\/it.elds.org\/gesu-cristo-org\/#\/schema\/person\/ce134334ee9829422fabc907058b43bd"},"description":"Oggi usiamo i nostri principi per lanciare la prima pietra della lapidazione morale, condannando e giudicando gli altri.","breadcrumb":{"@id":"https:\/\/it.elds.org\/gesu-cristo-org\/2018\/07\/02\/danni-lapidazione-moderna\/#breadcrumb"},"inLanguage":"it-IT","potentialAction":[{"@type":"ReadAction","target":["https:\/\/it.elds.org\/gesu-cristo-org\/2018\/07\/02\/danni-lapidazione-moderna\/"]}]},{"@type":"ImageObject","inLanguage":"it-IT","@id":"https:\/\/it.elds.org\/gesu-cristo-org\/2018\/07\/02\/danni-lapidazione-moderna\/#primaryimage","url":"https:\/\/it.elds.org\/gesu-cristo-org\/files\/2018\/07\/lapidazione.jpg","contentUrl":"https:\/\/it.elds.org\/gesu-cristo-org\/files\/2018\/07\/lapidazione.jpg","width":948,"height":542},{"@type":"BreadcrumbList","@id":"https:\/\/it.elds.org\/gesu-cristo-org\/2018\/07\/02\/danni-lapidazione-moderna\/#breadcrumb","itemListElement":[{"@type":"ListItem","position":1,"name":"Home","item":"https:\/\/it.elds.org\/gesu-cristo-org\/"},{"@type":"ListItem","position":2,"name":"Lanciare la prima pietra &#8211; danni della lapidazione moderna"}]},{"@type":"WebSite","@id":"https:\/\/it.elds.org\/gesu-cristo-org\/#website","url":"https:\/\/it.elds.org\/gesu-cristo-org\/","name":"gesucristo.org","description":"Il sito gesucristo.org offre una visione allargata del vangelo restaurato di Ges\u00f9 Cristo e di come possiamo usarlo per vincere le sfide degli ultimi giorni, con consigli, esempi e storie edificanti.","potentialAction":[{"@type":"SearchAction","target":{"@type":"EntryPoint","urlTemplate":"https:\/\/it.elds.org\/gesu-cristo-org\/?s={search_term_string}"},"query-input":{"@type":"PropertyValueSpecification","valueRequired":true,"valueName":"search_term_string"}}],"inLanguage":"it-IT"},{"@type":"Person","@id":"https:\/\/it.elds.org\/gesu-cristo-org\/#\/schema\/person\/ce134334ee9829422fabc907058b43bd","name":"Cinzia","image":{"@type":"ImageObject","inLanguage":"it-IT","@id":"https:\/\/secure.gravatar.com\/avatar\/453a3b6b7fba71cb4f9fdcb60699e790d6c2d579f02116f4d33dae5b2732f4bb?s=96&d=mm&r=g","url":"https:\/\/secure.gravatar.com\/avatar\/453a3b6b7fba71cb4f9fdcb60699e790d6c2d579f02116f4d33dae5b2732f4bb?s=96&d=mm&r=g","contentUrl":"https:\/\/secure.gravatar.com\/avatar\/453a3b6b7fba71cb4f9fdcb60699e790d6c2d579f02116f4d33dae5b2732f4bb?s=96&d=mm&r=g","caption":"Cinzia"},"description":"Cinzia \u00e8 un'impiegata ed una traduttrice. Ha una laurea in Scienze dell'Educazione e ha anche insegnato, per un paio di anni, a bambini della scuola materna, un lavoro che ha amato molto. E' stata un'insegnante nelle classi della Societ\u00e0 di Soccorso, delle Giovani Donne e dell'Istituto. Ha molti interessi: patchwork, quilling, oli essenziali. Le piace prendersi cura di s\u00e8 con soluzioni naturali. E' vegana e ama gli animali e la natura ed \u00e8 fermamente convinta che le creazioni di Dio siano sacre. E' una volontaria dell'ENPA, un'associazione italiana, per la protezione degli animali ed \u00e8 anche un membro di Greenpeace e del WWF. Ama passare il tempo con la sua famiglia e i suoi amici. Ama il vangelo di Ges\u00f9 Cristo e sa che le famiglie sono eterne.","url":"https:\/\/it.elds.org\/gesu-cristo-org\/author\/cinzia\/"}]}},"_links":{"self":[{"href":"https:\/\/it.elds.org\/gesu-cristo-org\/wp-json\/wp\/v2\/posts\/6759","targetHints":{"allow":["GET"]}}],"collection":[{"href":"https:\/\/it.elds.org\/gesu-cristo-org\/wp-json\/wp\/v2\/posts"}],"about":[{"href":"https:\/\/it.elds.org\/gesu-cristo-org\/wp-json\/wp\/v2\/types\/post"}],"author":[{"embeddable":true,"href":"https:\/\/it.elds.org\/gesu-cristo-org\/wp-json\/wp\/v2\/users\/44"}],"replies":[{"embeddable":true,"href":"https:\/\/it.elds.org\/gesu-cristo-org\/wp-json\/wp\/v2\/comments?post=6759"}],"version-history":[{"count":3,"href":"https:\/\/it.elds.org\/gesu-cristo-org\/wp-json\/wp\/v2\/posts\/6759\/revisions"}],"predecessor-version":[{"id":6768,"href":"https:\/\/it.elds.org\/gesu-cristo-org\/wp-json\/wp\/v2\/posts\/6759\/revisions\/6768"}],"wp:featuredmedia":[{"embeddable":true,"href":"https:\/\/it.elds.org\/gesu-cristo-org\/wp-json\/wp\/v2\/media\/6762"}],"wp:attachment":[{"href":"https:\/\/it.elds.org\/gesu-cristo-org\/wp-json\/wp\/v2\/media?parent=6759"}],"wp:term":[{"taxonomy":"category","embeddable":true,"href":"https:\/\/it.elds.org\/gesu-cristo-org\/wp-json\/wp\/v2\/categories?post=6759"},{"taxonomy":"post_tag","embeddable":true,"href":"https:\/\/it.elds.org\/gesu-cristo-org\/wp-json\/wp\/v2\/tags?post=6759"}],"curies":[{"name":"wp","href":"https:\/\/api.w.org\/{rel}","templated":true}]}}