{"id":7069,"date":"2018-12-27T11:41:52","date_gmt":"2018-12-27T10:41:52","guid":{"rendered":"https:\/\/it.elds.org\/gesu-cristo-org\/?p=7069"},"modified":"2019-01-03T21:00:59","modified_gmt":"2019-01-03T20:00:59","slug":"suicidi-il-significato-della-vita","status":"publish","type":"post","link":"https:\/\/it.elds.org\/gesu-cristo-org\/2018\/12\/27\/suicidi-il-significato-della-vita\/","title":{"rendered":"Il significato della vita e l&#8217;epidemia di suicidi nella nostra cultura"},"content":{"rendered":"<p><span style=\"font-weight: 400;\"><a href=\"https:\/\/it.elds.org\/gesu-cristo-org\/files\/2018\/12\/epidemia-di-suicidi.jpg\"><img fetchpriority=\"high\" fetchpriority=\"high\" decoding=\"async\" class=\"aligncenter wp-image-7072 size-full\" src=\"https:\/\/it.elds.org\/gesu-cristo-org\/files\/2018\/12\/epidemia-di-suicidi.jpg\" alt=\"Il significato della vita e l'epidemia di suicidi \" width=\"948\" height=\"542\" srcset=\"https:\/\/it.elds.org\/gesu-cristo-org\/files\/2018\/12\/epidemia-di-suicidi.jpg 948w, https:\/\/it.elds.org\/gesu-cristo-org\/files\/2018\/12\/epidemia-di-suicidi-300x172.jpg 300w, https:\/\/it.elds.org\/gesu-cristo-org\/files\/2018\/12\/epidemia-di-suicidi-768x439.jpg 768w\" sizes=\"(max-width: 948px) 100vw, 948px\" \/><\/a>Il suicidio \u00e8 diventato una vera epidemia. I tassi di suicidio sono in aumento in quasi tutti gli Stati Uniti. In alcune aree sono aumentati del 30% o pi\u00f9, e questo non \u00e8 normale. Sta succedendo qualcosa. Ma cosa? E perch\u00e9?<\/span><\/p>\n<h2>Il suicidio e la salute mentale<\/h2>\n<p><span style=\"font-weight: 400;\">La gente dir\u00e0 che il suicidio \u00e8 in aumento perch\u00e9 non stiamo facendo abbastanza per combattere la &#8220;crisi della <a href=\"https:\/\/it.elds.org\/gesu-cristo-org\/2017\/03\/02\/fede-religiosa-malattia-mentale\/\" target=\"_blank\" rel=\"noopener\">salute mentale<\/a>&#8220;, ma questa da sola non pu\u00f2 essere la causa. <\/span><\/p>\n<p><span style=\"font-weight: 400;\">Non siamo mai stati pi\u00f9 consapevoli, o pi\u00f9 proattivi, nei riguardi dei problemi della salute mentale, eppure il tasso dei suicidi continua a salire. In passato, quando nessuno aveva mai sentito parlare di \u201csalute mentale\u201d, il tasso era una frazione di quello di oggi. <\/span><\/p>\n<p><span style=\"font-weight: 400;\">Le spiegazioni puramente psicologiche non reggono. Chiaramente c&#8217;\u00e8 un problema pi\u00f9 profondo.<\/span><\/p>\n<p><span style=\"font-weight: 400;\">Penso che il problema sia il vuoto. C&#8217;\u00e8 un vuoto al centro della nostra cultura e da questa radice cresce l&#8217;epidemia del suicidio. Siamo <a href=\"https:\/\/it.elds.org\/gesu-cristo-org\/2017\/09\/11\/nascere-di-nuovo-conversione\/\" target=\"_blank\" rel=\"noopener\">fuggiti da Dio<\/a>, dal significato della vita, dal suo scopo e abbiamo abbracciato un tipo gentile di nichilismo; un nichilismo che non si chiama nichilismo. <\/span><\/p>\n<p><span style=\"font-weight: 400;\">Usa altre parole e slogan per descriversi: &#8220;si vive una volta sola&#8221;, &#8220;vivi la tua verit\u00e0&#8221;. Alla gente viene detto che c&#8217;\u00e8 solo una vita, una realt\u00e0, e non ha alcun significato a parte ci\u00f2 che si vive al momento. <\/span><\/p>\n<p><span style=\"font-weight: 400;\">Ma cosa accade quando non si vede pi\u00f9 il significato della vita per intero? Bene, la nostra cultura dice che se non lo vedi, allora non esiste.<\/span><\/p>\n<p><span style=\"font-weight: 400;\">Coloro che cercano la felicit\u00e0 seguendo queste vie logore cadranno inevitabilmente in questa fossa. Se fate ci\u00f2 che fanno tutti gli altri, vivete come vivono e seguite le loro orme, finirete nella stessa oscurit\u00e0.<\/span><\/p>\n<p><span style=\"font-weight: 400;\"> Inizierete a sentire che non c&#8217;\u00e8 speranza da nessuna parte e non c&#8217;\u00e8 vera bellezza o gioia nella vita. <\/span><\/p>\n<p><span style=\"font-weight: 400;\">E questo \u00e8 lo stato in cui molti di noi vivono. Una grande moltitudine di persone, in Europa, si crogiola in questa nichilistica disperazione, in una vita vuota e priva di sostanza. <\/span><\/p>\n<p><span style=\"font-weight: 400;\">Essi lottano e si agitano e cercano aiuto, ma spesso la mano che li agguanta li trascina sempre pi\u00f9 in profondit\u00e0 nella fossa.<\/span><\/p>\n<p><span style=\"font-weight: 400;\">E la stessa cosa succede ogni volta che una persona famosa si suicida. Immediatamente difendiamo quell&#8217;atto, per garantirci che nessuno dica nulla di negativo a riguardo. <\/span><\/p>\n<p><span style=\"font-weight: 400;\">Insistiamo sul fatto che il suicidio non \u00e8 altro che il risultato di una &#8220;malattia mentale&#8221;. <\/span><\/p>\n<p><span style=\"font-weight: 400;\">Una persona depressa muore suicida nello stesso modo in cui una persona pu\u00f2 morire di cancro al seno. Consegniamo elogi, lacrime ed ammirazione alla celebrit\u00e0 defunta ed esprimiamo la nostra speranza che abbia &#8220;trovato la pace&#8221;.<\/span><\/p>\n<p><span style=\"font-weight: 400;\">E a cosa serve questo? Come stiamo aiutando una persona suicida suggerendo esplicitamente che il suicidio \u00e8 un mezzo per avere la pace? <\/span><\/p>\n<p><span style=\"font-weight: 400;\">Come lo aiutiamo dicendogli che non ha scelta, che la sua depressione potrebbe semplicemente ucciderlo un giorno, totalmente contro la sua volont\u00e0? Che servizio forniamo dicendogli che non ha alcun potere, nessuna alternativa, nessun libero arbitrio?<\/span><\/p>\n<p><span style=\"font-weight: 400;\"> E poi restiamo scioccati quando un\u2019altra persona lo fa. E la prossima. E la prossima ancora. <\/span><\/p>\n<p><span style=\"font-weight: 400;\">Ed ogni volta reagiamo allo stesso modo, diciamo le stesse cose e pensiamo che stiamo facendo qualcosa per aiutarli, finch\u00e9 non diamo il numero del telefono amico, per chi vuole suicidarsi.<\/span><\/p>\n<p><span style=\"font-weight: 400;\">\u00c8 bello incoraggiare le persone a ricevere aiuto, parlare con qualcuno, essere raggiunte da qualcuno. Stiamo facendo qualcosa di buono, dalla parte giusta. <\/span><\/p>\n<p><span style=\"font-weight: 400;\">Ma andiamo pericolosamente fuori rotta con tutto il resto. E la crisi peggiora solo perch\u00e9 ci rifiutiamo di risalire fino alle sue radici. <\/span><\/p>\n<p><span style=\"font-weight: 400;\">Ci fermiamo al cervello, alle reazioni chimiche e ai disturbi psicologici, ma non ci fermiamo mai a chiederci perch\u00e9 tutti i nostri cervelli siano apparentemente andati in tilt nei tempi moderni. <\/span><\/p>\n<p><span style=\"font-weight: 400;\">Se tutto questo \u00e8 solo questione di disturbo mentale, perch\u00e9 diavolo questi &#8220;disturbi mentali&#8221; sono diventati cos\u00ec comuni ora?<\/span><\/p>\n<h2>Il significato della vita<\/h2>\n<p><span style=\"font-weight: 400;\"><a href=\"https:\/\/it.elds.org\/gesu-cristo-org\/files\/2018\/05\/stupidi-errori.jpeg\"><img decoding=\"async\" class=\"aligncenter size-full wp-image-6730\" src=\"https:\/\/it.elds.org\/gesu-cristo-org\/files\/2018\/05\/stupidi-errori.jpeg\" alt=\"stupidi errori\" width=\"948\" height=\"542\" srcset=\"https:\/\/it.elds.org\/gesu-cristo-org\/files\/2018\/05\/stupidi-errori.jpeg 948w, https:\/\/it.elds.org\/gesu-cristo-org\/files\/2018\/05\/stupidi-errori-300x172.jpeg 300w, https:\/\/it.elds.org\/gesu-cristo-org\/files\/2018\/05\/stupidi-errori-768x439.jpeg 768w\" sizes=\"(max-width: 948px) 100vw, 948px\" \/><\/a>Penso che sia perch\u00e9 questi disturbi non siano puramente psicologici. Vanno oltre il nostro cervello e le nostre anime, arrivano dal vuoto. <\/span><\/p>\n<p><span style=\"font-weight: 400;\">Ci\u00f2 che tutti desiderano ardentemente nelle loro ossa \u00e8 la verit\u00e0 e il significato della vita. Non vuol dire che tutti accettino il significato della vita arbitrariamente, ma comunque esso \u00e8 oggettivo ed intrinseco ed \u00e8 al di l\u00e0 della nostra capacit\u00e0 di cancellarlo o cambiarlo. <\/span><\/p>\n<p><span style=\"font-weight: 400;\">La nostra cultura ci dice che non esiste nulla del genere: c&#8217;\u00e8 solo questo mondo fisico e il nostro ego e qualsiasi cosa decidiamo di fare va bene. <\/span><\/p>\n<p><span style=\"font-weight: 400;\">E se non facciamo niente e non troviamo nulla di significativo, allora la nostra vita non ha senso e non c&#8217;\u00e8 ragione per continuare a vivere.<\/span><\/p>\n<p><span style=\"font-weight: 400;\">Se qualcuno si sente in questo modo, s\u00ec, \u00e8 bello dargli i numeri da chiamare e dirgli che non \u00e8 solo ed incoraggiarlo a parlare con qualcuno che si prender\u00e0 cura di lui. Ricordo tutte quelle esortazioni. <\/span><\/p>\n<p><span style=\"font-weight: 400;\">Ma non \u00e8 abbastanza; le persone hanno bisogno di qualcosa di pi\u00f9. Hanno sicuramente bisogno della terapia e dei numeri di telefono, Hanno persino bisogno della consapevolezza che gli altri li amino; ma soprattutto hanno bisogno di significato. <\/span><\/p>\n<p><span style=\"font-weight: 400;\">Hanno bisogno di speranza. Hanno bisogno che ci sia uno scopo in tutto questo, una ragione.<\/span><\/p>\n<p><span style=\"font-weight: 400;\">Bene, abbiamo motivo di lodare Dio perch\u00e9 c&#8217;\u00e8 una ragione, c&#8217;\u00e8 uno scopo, c&#8217;\u00e8 un significato. Dio \u00e8 il nostro fondamento, la nostra verit\u00e0, il nostro scopo e la sostanza delle nostre vite. <\/span><\/p>\n<p><span style=\"font-weight: 400;\">Non siamo semplici incidenti. Non siamo grumi di polvere che si sono sviluppati a caso dalla Terra e in qualche modo hanno sviluppato la coscienza e un codice morale e la capacit\u00e0 di amare. <\/span><\/p>\n<p><span style=\"font-weight: 400;\">Non ha senso e &nbsp;lo sappiamo tutti quanti. E ci uccidiamo letteralmente per poter dare un senso a tutto ci\u00f2.<\/span><\/p>\n<p><span style=\"font-weight: 400;\">Esiste un carattere trascendente e spirituale per l&#8217;umanit\u00e0 e noi tutti lo riconosciamo in modo innato. Quando lo rifiutiamo cadiamo nella disperazione e cerchiamo di separarci da esso e da noi stessi. <\/span><\/p>\n<p><span style=\"font-weight: 400;\">La <a href=\"https:\/\/it.elds.org\/gesu-cristo-org\/2017\/01\/16\/tentare-suicidio\/\" target=\"_blank\" rel=\"noopener\">speranza<\/a> si trova dall&#8217;altra parte, nella direzione opposta. La speranza si trova quando abbracciamo chi siamo, come figli di Dio, e manteniamo i nostri occhi e il cuore concentrati sull&#8217;eternit\u00e0, a casa. Dio ci vuole l\u00ec con Lui.<\/span><\/p>\n<p><span style=\"font-weight: 400;\"> Ma non ancora. C&#8217;\u00e8 ancora molto da fare qui, ancora pi\u00f9 vita da vivere e possiamo viverla con gioia, sapendo che c&#8217;\u00e8 un significato e uno scopo in tutto questo.<\/span><\/p>\n<p><span style=\"font-weight: 400;\">Questo articolo \u00e8 stato scritto da Matt Walsh e pubblicato sul sito<\/span><a href=\"https:\/\/www.dailywire.com\/news\/31625\/walsh-what-really-lies-root-our-cultures-suicide-matt-walsh\" target=\"_blank\" rel=\"nofollow noopener\"> <span style=\"font-weight: 400;\">dailywire.com<\/span><\/a><span style=\"font-weight: 400;\">. Questo articolo \u00e8 stato tradotto da Cinzia Galasso.<\/span><\/p>\n","protected":false},"excerpt":{"rendered":"<p>Al giorno d\u2019oggi i suicidi sono aumentati, a causa della mancanza di scopo e significato della vita, che possono trovarsi nel nostro essere figli di Dio.<\/p>\n","protected":false},"author":44,"featured_media":7072,"comment_status":"open","ping_status":"closed","sticky":false,"template":"","format":"standard","meta":{"_et_pb_use_builder":"","_et_pb_old_content":"","_et_gb_content_width":"","_monsterinsights_skip_tracking":false,"_monsterinsights_sitenote_active":false,"_monsterinsights_sitenote_note":"","_monsterinsights_sitenote_category":0,"ngg_post_thumbnail":0,"footnotes":""},"categories":[416],"tags":[968],"class_list":["post-7069","post","type-post","status-publish","format-standard","has-post-thumbnail","hentry","category-fede","tag-suicidio"],"yoast_head":"<!-- This site is optimized with the Yoast SEO plugin v27.5 - https:\/\/yoast.com\/product\/yoast-seo-wordpress\/ -->\n<title>Il significato della vita e l&#039;epidemia di suicidi nella nostra cultura<\/title>\n<meta name=\"description\" content=\"Al giorno d\u2019oggi i suicidi sono aumentati, a causa della mancanza di scopo e significato della vita, che possono trovarsi nel nostro essere figli di Dio.\" \/>\n<meta name=\"robots\" content=\"index, follow, max-snippet:-1, max-image-preview:large, max-video-preview:-1\" \/>\n<link rel=\"canonical\" href=\"https:\/\/it.elds.org\/gesu-cristo-org\/2018\/12\/27\/suicidi-il-significato-della-vita\/\" \/>\n<meta property=\"og:locale\" content=\"it_IT\" \/>\n<meta property=\"og:type\" content=\"article\" \/>\n<meta property=\"og:title\" content=\"Il significato della vita e l&#039;epidemia di suicidi nella nostra cultura\" \/>\n<meta property=\"og:description\" content=\"Al giorno d\u2019oggi i suicidi sono aumentati, a causa della mancanza di scopo e significato della vita, che possono trovarsi nel nostro essere figli di Dio.\" \/>\n<meta property=\"og:url\" content=\"https:\/\/it.elds.org\/gesu-cristo-org\/2018\/12\/27\/suicidi-il-significato-della-vita\/\" \/>\n<meta property=\"og:site_name\" content=\"gesucristo.org\" \/>\n<meta property=\"article:published_time\" content=\"2018-12-27T10:41:52+00:00\" \/>\n<meta property=\"article:modified_time\" content=\"2019-01-03T20:00:59+00:00\" \/>\n<meta property=\"og:image\" content=\"https:\/\/it.elds.org\/gesu-cristo-org\/files\/2018\/12\/epidemia-di-suicidi.jpg\" \/>\n\t<meta property=\"og:image:width\" content=\"948\" \/>\n\t<meta property=\"og:image:height\" content=\"542\" \/>\n\t<meta property=\"og:image:type\" content=\"image\/jpeg\" \/>\n<meta name=\"author\" content=\"Cinzia\" \/>\n<meta name=\"twitter:card\" content=\"summary_large_image\" \/>\n<meta name=\"twitter:label1\" content=\"Scritto da\" \/>\n\t<meta name=\"twitter:data1\" content=\"Cinzia\" \/>\n\t<meta name=\"twitter:label2\" content=\"Tempo di lettura stimato\" \/>\n\t<meta name=\"twitter:data2\" content=\"5 minuti\" \/>\n<script type=\"application\/ld+json\" class=\"yoast-schema-graph\">{\"@context\":\"https:\\\/\\\/schema.org\",\"@graph\":[{\"@type\":\"Article\",\"@id\":\"https:\\\/\\\/it.elds.org\\\/gesu-cristo-org\\\/2018\\\/12\\\/27\\\/suicidi-il-significato-della-vita\\\/#article\",\"isPartOf\":{\"@id\":\"https:\\\/\\\/it.elds.org\\\/gesu-cristo-org\\\/2018\\\/12\\\/27\\\/suicidi-il-significato-della-vita\\\/\"},\"author\":{\"name\":\"Cinzia\",\"@id\":\"https:\\\/\\\/it.elds.org\\\/gesu-cristo-org\\\/#\\\/schema\\\/person\\\/ce134334ee9829422fabc907058b43bd\"},\"headline\":\"Il significato della vita e l&#8217;epidemia di suicidi nella nostra cultura\",\"datePublished\":\"2018-12-27T10:41:52+00:00\",\"dateModified\":\"2019-01-03T20:00:59+00:00\",\"mainEntityOfPage\":{\"@id\":\"https:\\\/\\\/it.elds.org\\\/gesu-cristo-org\\\/2018\\\/12\\\/27\\\/suicidi-il-significato-della-vita\\\/\"},\"wordCount\":1065,\"commentCount\":2,\"image\":{\"@id\":\"https:\\\/\\\/it.elds.org\\\/gesu-cristo-org\\\/2018\\\/12\\\/27\\\/suicidi-il-significato-della-vita\\\/#primaryimage\"},\"thumbnailUrl\":\"https:\\\/\\\/it.elds.org\\\/gesu-cristo-org\\\/files\\\/2018\\\/12\\\/epidemia-di-suicidi.jpg\",\"keywords\":[\"suicidio\"],\"articleSection\":[\"Fede\"],\"inLanguage\":\"it-IT\",\"potentialAction\":[{\"@type\":\"CommentAction\",\"name\":\"Comment\",\"target\":[\"https:\\\/\\\/it.elds.org\\\/gesu-cristo-org\\\/2018\\\/12\\\/27\\\/suicidi-il-significato-della-vita\\\/#respond\"]}]},{\"@type\":\"WebPage\",\"@id\":\"https:\\\/\\\/it.elds.org\\\/gesu-cristo-org\\\/2018\\\/12\\\/27\\\/suicidi-il-significato-della-vita\\\/\",\"url\":\"https:\\\/\\\/it.elds.org\\\/gesu-cristo-org\\\/2018\\\/12\\\/27\\\/suicidi-il-significato-della-vita\\\/\",\"name\":\"Il significato della vita e l'epidemia di suicidi nella nostra cultura\",\"isPartOf\":{\"@id\":\"https:\\\/\\\/it.elds.org\\\/gesu-cristo-org\\\/#website\"},\"primaryImageOfPage\":{\"@id\":\"https:\\\/\\\/it.elds.org\\\/gesu-cristo-org\\\/2018\\\/12\\\/27\\\/suicidi-il-significato-della-vita\\\/#primaryimage\"},\"image\":{\"@id\":\"https:\\\/\\\/it.elds.org\\\/gesu-cristo-org\\\/2018\\\/12\\\/27\\\/suicidi-il-significato-della-vita\\\/#primaryimage\"},\"thumbnailUrl\":\"https:\\\/\\\/it.elds.org\\\/gesu-cristo-org\\\/files\\\/2018\\\/12\\\/epidemia-di-suicidi.jpg\",\"datePublished\":\"2018-12-27T10:41:52+00:00\",\"dateModified\":\"2019-01-03T20:00:59+00:00\",\"author\":{\"@id\":\"https:\\\/\\\/it.elds.org\\\/gesu-cristo-org\\\/#\\\/schema\\\/person\\\/ce134334ee9829422fabc907058b43bd\"},\"description\":\"Al giorno d\u2019oggi i suicidi sono aumentati, a causa della mancanza di scopo e significato della vita, che possono trovarsi nel nostro essere figli di Dio.\",\"breadcrumb\":{\"@id\":\"https:\\\/\\\/it.elds.org\\\/gesu-cristo-org\\\/2018\\\/12\\\/27\\\/suicidi-il-significato-della-vita\\\/#breadcrumb\"},\"inLanguage\":\"it-IT\",\"potentialAction\":[{\"@type\":\"ReadAction\",\"target\":[\"https:\\\/\\\/it.elds.org\\\/gesu-cristo-org\\\/2018\\\/12\\\/27\\\/suicidi-il-significato-della-vita\\\/\"]}]},{\"@type\":\"ImageObject\",\"inLanguage\":\"it-IT\",\"@id\":\"https:\\\/\\\/it.elds.org\\\/gesu-cristo-org\\\/2018\\\/12\\\/27\\\/suicidi-il-significato-della-vita\\\/#primaryimage\",\"url\":\"https:\\\/\\\/it.elds.org\\\/gesu-cristo-org\\\/files\\\/2018\\\/12\\\/epidemia-di-suicidi.jpg\",\"contentUrl\":\"https:\\\/\\\/it.elds.org\\\/gesu-cristo-org\\\/files\\\/2018\\\/12\\\/epidemia-di-suicidi.jpg\",\"width\":948,\"height\":542,\"caption\":\"Il significato della vita e l'epidemia di suicidi\"},{\"@type\":\"BreadcrumbList\",\"@id\":\"https:\\\/\\\/it.elds.org\\\/gesu-cristo-org\\\/2018\\\/12\\\/27\\\/suicidi-il-significato-della-vita\\\/#breadcrumb\",\"itemListElement\":[{\"@type\":\"ListItem\",\"position\":1,\"name\":\"Home\",\"item\":\"https:\\\/\\\/it.elds.org\\\/gesu-cristo-org\\\/\"},{\"@type\":\"ListItem\",\"position\":2,\"name\":\"Il significato della vita e l&#8217;epidemia di suicidi nella nostra cultura\"}]},{\"@type\":\"WebSite\",\"@id\":\"https:\\\/\\\/it.elds.org\\\/gesu-cristo-org\\\/#website\",\"url\":\"https:\\\/\\\/it.elds.org\\\/gesu-cristo-org\\\/\",\"name\":\"gesucristo.org\",\"description\":\"Il sito gesucristo.org offre una visione allargata del vangelo restaurato di Ges\u00f9 Cristo e di come possiamo usarlo per vincere le sfide degli ultimi giorni, con consigli, esempi e storie edificanti.\",\"potentialAction\":[{\"@type\":\"SearchAction\",\"target\":{\"@type\":\"EntryPoint\",\"urlTemplate\":\"https:\\\/\\\/it.elds.org\\\/gesu-cristo-org\\\/?s={search_term_string}\"},\"query-input\":{\"@type\":\"PropertyValueSpecification\",\"valueRequired\":true,\"valueName\":\"search_term_string\"}}],\"inLanguage\":\"it-IT\"},{\"@type\":\"Person\",\"@id\":\"https:\\\/\\\/it.elds.org\\\/gesu-cristo-org\\\/#\\\/schema\\\/person\\\/ce134334ee9829422fabc907058b43bd\",\"name\":\"Cinzia\",\"image\":{\"@type\":\"ImageObject\",\"inLanguage\":\"it-IT\",\"@id\":\"https:\\\/\\\/secure.gravatar.com\\\/avatar\\\/453a3b6b7fba71cb4f9fdcb60699e790d6c2d579f02116f4d33dae5b2732f4bb?s=96&d=mm&r=g\",\"url\":\"https:\\\/\\\/secure.gravatar.com\\\/avatar\\\/453a3b6b7fba71cb4f9fdcb60699e790d6c2d579f02116f4d33dae5b2732f4bb?s=96&d=mm&r=g\",\"contentUrl\":\"https:\\\/\\\/secure.gravatar.com\\\/avatar\\\/453a3b6b7fba71cb4f9fdcb60699e790d6c2d579f02116f4d33dae5b2732f4bb?s=96&d=mm&r=g\",\"caption\":\"Cinzia\"},\"description\":\"Cinzia \u00e8 un'impiegata ed una traduttrice. Ha una laurea in Scienze dell'Educazione e ha anche insegnato, per un paio di anni, a bambini della scuola materna, un lavoro che ha amato molto. E' stata un'insegnante nelle classi della Societ\u00e0 di Soccorso, delle Giovani Donne e dell'Istituto. Ha molti interessi: patchwork, quilling, oli essenziali. Le piace prendersi cura di s\u00e8 con soluzioni naturali. E' vegana e ama gli animali e la natura ed \u00e8 fermamente convinta che le creazioni di Dio siano sacre. E' una volontaria dell'ENPA, un'associazione italiana, per la protezione degli animali ed \u00e8 anche un membro di Greenpeace e del WWF. Ama passare il tempo con la sua famiglia e i suoi amici. Ama il vangelo di Ges\u00f9 Cristo e sa che le famiglie sono eterne.\",\"url\":\"https:\\\/\\\/it.elds.org\\\/gesu-cristo-org\\\/author\\\/cinzia\\\/\"}]}<\/script>\n<!-- \/ Yoast SEO plugin. -->","yoast_head_json":{"title":"Il significato della vita e l'epidemia di suicidi nella nostra cultura","description":"Al giorno d\u2019oggi i suicidi sono aumentati, a causa della mancanza di scopo e significato della vita, che possono trovarsi nel nostro essere figli di Dio.","robots":{"index":"index","follow":"follow","max-snippet":"max-snippet:-1","max-image-preview":"max-image-preview:large","max-video-preview":"max-video-preview:-1"},"canonical":"https:\/\/it.elds.org\/gesu-cristo-org\/2018\/12\/27\/suicidi-il-significato-della-vita\/","og_locale":"it_IT","og_type":"article","og_title":"Il significato della vita e l'epidemia di suicidi nella nostra cultura","og_description":"Al giorno d\u2019oggi i suicidi sono aumentati, a causa della mancanza di scopo e significato della vita, che possono trovarsi nel nostro essere figli di Dio.","og_url":"https:\/\/it.elds.org\/gesu-cristo-org\/2018\/12\/27\/suicidi-il-significato-della-vita\/","og_site_name":"gesucristo.org","article_published_time":"2018-12-27T10:41:52+00:00","article_modified_time":"2019-01-03T20:00:59+00:00","og_image":[{"width":948,"height":542,"url":"https:\/\/it.elds.org\/gesu-cristo-org\/files\/2018\/12\/epidemia-di-suicidi.jpg","type":"image\/jpeg"}],"author":"Cinzia","twitter_card":"summary_large_image","twitter_misc":{"Scritto da":"Cinzia","Tempo di lettura stimato":"5 minuti"},"schema":{"@context":"https:\/\/schema.org","@graph":[{"@type":"Article","@id":"https:\/\/it.elds.org\/gesu-cristo-org\/2018\/12\/27\/suicidi-il-significato-della-vita\/#article","isPartOf":{"@id":"https:\/\/it.elds.org\/gesu-cristo-org\/2018\/12\/27\/suicidi-il-significato-della-vita\/"},"author":{"name":"Cinzia","@id":"https:\/\/it.elds.org\/gesu-cristo-org\/#\/schema\/person\/ce134334ee9829422fabc907058b43bd"},"headline":"Il significato della vita e l&#8217;epidemia di suicidi nella nostra cultura","datePublished":"2018-12-27T10:41:52+00:00","dateModified":"2019-01-03T20:00:59+00:00","mainEntityOfPage":{"@id":"https:\/\/it.elds.org\/gesu-cristo-org\/2018\/12\/27\/suicidi-il-significato-della-vita\/"},"wordCount":1065,"commentCount":2,"image":{"@id":"https:\/\/it.elds.org\/gesu-cristo-org\/2018\/12\/27\/suicidi-il-significato-della-vita\/#primaryimage"},"thumbnailUrl":"https:\/\/it.elds.org\/gesu-cristo-org\/files\/2018\/12\/epidemia-di-suicidi.jpg","keywords":["suicidio"],"articleSection":["Fede"],"inLanguage":"it-IT","potentialAction":[{"@type":"CommentAction","name":"Comment","target":["https:\/\/it.elds.org\/gesu-cristo-org\/2018\/12\/27\/suicidi-il-significato-della-vita\/#respond"]}]},{"@type":"WebPage","@id":"https:\/\/it.elds.org\/gesu-cristo-org\/2018\/12\/27\/suicidi-il-significato-della-vita\/","url":"https:\/\/it.elds.org\/gesu-cristo-org\/2018\/12\/27\/suicidi-il-significato-della-vita\/","name":"Il significato della vita e l'epidemia di suicidi nella nostra cultura","isPartOf":{"@id":"https:\/\/it.elds.org\/gesu-cristo-org\/#website"},"primaryImageOfPage":{"@id":"https:\/\/it.elds.org\/gesu-cristo-org\/2018\/12\/27\/suicidi-il-significato-della-vita\/#primaryimage"},"image":{"@id":"https:\/\/it.elds.org\/gesu-cristo-org\/2018\/12\/27\/suicidi-il-significato-della-vita\/#primaryimage"},"thumbnailUrl":"https:\/\/it.elds.org\/gesu-cristo-org\/files\/2018\/12\/epidemia-di-suicidi.jpg","datePublished":"2018-12-27T10:41:52+00:00","dateModified":"2019-01-03T20:00:59+00:00","author":{"@id":"https:\/\/it.elds.org\/gesu-cristo-org\/#\/schema\/person\/ce134334ee9829422fabc907058b43bd"},"description":"Al giorno d\u2019oggi i suicidi sono aumentati, a causa della mancanza di scopo e significato della vita, che possono trovarsi nel nostro essere figli di Dio.","breadcrumb":{"@id":"https:\/\/it.elds.org\/gesu-cristo-org\/2018\/12\/27\/suicidi-il-significato-della-vita\/#breadcrumb"},"inLanguage":"it-IT","potentialAction":[{"@type":"ReadAction","target":["https:\/\/it.elds.org\/gesu-cristo-org\/2018\/12\/27\/suicidi-il-significato-della-vita\/"]}]},{"@type":"ImageObject","inLanguage":"it-IT","@id":"https:\/\/it.elds.org\/gesu-cristo-org\/2018\/12\/27\/suicidi-il-significato-della-vita\/#primaryimage","url":"https:\/\/it.elds.org\/gesu-cristo-org\/files\/2018\/12\/epidemia-di-suicidi.jpg","contentUrl":"https:\/\/it.elds.org\/gesu-cristo-org\/files\/2018\/12\/epidemia-di-suicidi.jpg","width":948,"height":542,"caption":"Il significato della vita e l'epidemia di suicidi"},{"@type":"BreadcrumbList","@id":"https:\/\/it.elds.org\/gesu-cristo-org\/2018\/12\/27\/suicidi-il-significato-della-vita\/#breadcrumb","itemListElement":[{"@type":"ListItem","position":1,"name":"Home","item":"https:\/\/it.elds.org\/gesu-cristo-org\/"},{"@type":"ListItem","position":2,"name":"Il significato della vita e l&#8217;epidemia di suicidi nella nostra cultura"}]},{"@type":"WebSite","@id":"https:\/\/it.elds.org\/gesu-cristo-org\/#website","url":"https:\/\/it.elds.org\/gesu-cristo-org\/","name":"gesucristo.org","description":"Il sito gesucristo.org offre una visione allargata del vangelo restaurato di Ges\u00f9 Cristo e di come possiamo usarlo per vincere le sfide degli ultimi giorni, con consigli, esempi e storie edificanti.","potentialAction":[{"@type":"SearchAction","target":{"@type":"EntryPoint","urlTemplate":"https:\/\/it.elds.org\/gesu-cristo-org\/?s={search_term_string}"},"query-input":{"@type":"PropertyValueSpecification","valueRequired":true,"valueName":"search_term_string"}}],"inLanguage":"it-IT"},{"@type":"Person","@id":"https:\/\/it.elds.org\/gesu-cristo-org\/#\/schema\/person\/ce134334ee9829422fabc907058b43bd","name":"Cinzia","image":{"@type":"ImageObject","inLanguage":"it-IT","@id":"https:\/\/secure.gravatar.com\/avatar\/453a3b6b7fba71cb4f9fdcb60699e790d6c2d579f02116f4d33dae5b2732f4bb?s=96&d=mm&r=g","url":"https:\/\/secure.gravatar.com\/avatar\/453a3b6b7fba71cb4f9fdcb60699e790d6c2d579f02116f4d33dae5b2732f4bb?s=96&d=mm&r=g","contentUrl":"https:\/\/secure.gravatar.com\/avatar\/453a3b6b7fba71cb4f9fdcb60699e790d6c2d579f02116f4d33dae5b2732f4bb?s=96&d=mm&r=g","caption":"Cinzia"},"description":"Cinzia \u00e8 un'impiegata ed una traduttrice. Ha una laurea in Scienze dell'Educazione e ha anche insegnato, per un paio di anni, a bambini della scuola materna, un lavoro che ha amato molto. E' stata un'insegnante nelle classi della Societ\u00e0 di Soccorso, delle Giovani Donne e dell'Istituto. Ha molti interessi: patchwork, quilling, oli essenziali. Le piace prendersi cura di s\u00e8 con soluzioni naturali. E' vegana e ama gli animali e la natura ed \u00e8 fermamente convinta che le creazioni di Dio siano sacre. E' una volontaria dell'ENPA, un'associazione italiana, per la protezione degli animali ed \u00e8 anche un membro di Greenpeace e del WWF. Ama passare il tempo con la sua famiglia e i suoi amici. Ama il vangelo di Ges\u00f9 Cristo e sa che le famiglie sono eterne.","url":"https:\/\/it.elds.org\/gesu-cristo-org\/author\/cinzia\/"}]}},"_links":{"self":[{"href":"https:\/\/it.elds.org\/gesu-cristo-org\/wp-json\/wp\/v2\/posts\/7069","targetHints":{"allow":["GET"]}}],"collection":[{"href":"https:\/\/it.elds.org\/gesu-cristo-org\/wp-json\/wp\/v2\/posts"}],"about":[{"href":"https:\/\/it.elds.org\/gesu-cristo-org\/wp-json\/wp\/v2\/types\/post"}],"author":[{"embeddable":true,"href":"https:\/\/it.elds.org\/gesu-cristo-org\/wp-json\/wp\/v2\/users\/44"}],"replies":[{"embeddable":true,"href":"https:\/\/it.elds.org\/gesu-cristo-org\/wp-json\/wp\/v2\/comments?post=7069"}],"version-history":[{"count":4,"href":"https:\/\/it.elds.org\/gesu-cristo-org\/wp-json\/wp\/v2\/posts\/7069\/revisions"}],"predecessor-version":[{"id":7105,"href":"https:\/\/it.elds.org\/gesu-cristo-org\/wp-json\/wp\/v2\/posts\/7069\/revisions\/7105"}],"wp:featuredmedia":[{"embeddable":true,"href":"https:\/\/it.elds.org\/gesu-cristo-org\/wp-json\/wp\/v2\/media\/7072"}],"wp:attachment":[{"href":"https:\/\/it.elds.org\/gesu-cristo-org\/wp-json\/wp\/v2\/media?parent=7069"}],"wp:term":[{"taxonomy":"category","embeddable":true,"href":"https:\/\/it.elds.org\/gesu-cristo-org\/wp-json\/wp\/v2\/categories?post=7069"},{"taxonomy":"post_tag","embeddable":true,"href":"https:\/\/it.elds.org\/gesu-cristo-org\/wp-json\/wp\/v2\/tags?post=7069"}],"curies":[{"name":"wp","href":"https:\/\/api.w.org\/{rel}","templated":true}]}}