{"id":2353,"date":"2008-03-18T14:49:52","date_gmt":"2008-03-18T21:49:52","guid":{"rendered":"http:\/\/giuseppemartinengo.org\/2008\/03\/18\/il-palo-di-verona-della-chiesa-mormone\/"},"modified":"2008-03-18T14:49:52","modified_gmt":"2008-03-18T21:49:52","slug":"il-palo-di-verona-della-chiesa-mormone","status":"publish","type":"post","link":"https:\/\/it.elds.org\/giovanimormoni-com\/2008\/03\/18\/il-palo-di-verona-della-chiesa-mormone\/","title":{"rendered":"Il Palo di Verona della Chiesa Mormone"},"content":{"rendered":"<p>Il 2 marzo 2008 in una sala all&#8217;interno della fiera di  Verona, alla presenza di pi\u00f9 di mille persone, e sotto la direzione dell&#8217; Anziano Francisco J. Vi\u00f1as, primo consigliere  nella presidenza dell&#8217; area Europa ovest della <a href=\"http:\/\/it.mormonwiki.com\">Chiesa di Ges\u00f9 Cristo dei Santi degli Ultimi Giorni,<\/a> \u00e8 stato organizzato il palo di Verona, sesto palo italiano.<\/p>\n<p>Erano presenti varie autorit\u00e0 della <a href=\"http:\/\/www.chiesadigesucristo.it\/\" class=\"external_link_tool\">Chiesa<\/a> inclusi l&#8217;Anziano Luigi Peloni, Settanta rappresentante dell&#8217; area italiana, i presidenze  dei pali di Venezia e Milano, nonch\u00e8 il presidente della missione  di Milano J. Scott Dunaway.<\/p>\n<p>Oltre all&#8217;organizzazione del palo di Verona, in quella riunione sono stati soppressi i distretti  di Como e Trieste e sono stati modificati i confini del palo di Milano  e di Venezia. Alcuni rami sono diventati <a href=\"http:\/\/it.mormonwiki.com\/Rione\">rioni<\/a> (Bologna, Como, Pordenone 1,  Pordenone militare e Trieste).<\/p>\n<p>Il palo di Venezia include i rioni di:  Bologna, Mestre, Padova, Pordenone 1, Pordenone militare e Trieste; i rami di  Gorizia, Treviso, Udine, Vicenza, Vicenza militare.<\/p>\n<p>Il palo di Verona  include i rioni di Bergamo 1, Bergamo 2, Brescia, Modena, Verona e i rami di  Bolzano, Bussolengo, Mantova, Piacenza, Reggio Emilia e Trento.<\/p>\n<p>La nuova  presidenza del palo di Venezia \u00e8 composta da Loris Chiesurin, Marco Pagnin,  e Massimo Franchi. La nuova presidenza del palo di Verona \u00e8 composta da Massimo Botta, Leonardo  Tonoli, e Nicola Castiglio.<\/p>\n<p>Congratulazioni a tutti quelli che hanno lavorato per questo grande traguardo. Sono contento che la Chiesa in Italia cresca e che esca dall&#8217;oscurit\u00e0.<\/p>\n","protected":false},"excerpt":{"rendered":"<p>Il 2 marzo 2008 in una sala all&#8217;interno della fiera di Verona, alla presenza di pi\u00f9 di mille persone, e sotto la direzione dell&#8217; Anziano Francisco J. Vi\u00f1as, primo consigliere nella presidenza dell&#8217; area Europa ovest della Chiesa di Ges\u00f9 Cristo dei Santi degli Ultimi Giorni, \u00e8 stato organizzato il palo di Verona, sesto palo [&hellip;]<\/p>\n","protected":false},"author":48,"featured_media":0,"comment_status":"open","ping_status":"open","sticky":false,"template":"","format":"standard","meta":{"_et_pb_use_builder":"","_et_pb_old_content":"","_et_gb_content_width":"","_monsterinsights_skip_tracking":false,"_monsterinsights_sitenote_active":false,"_monsterinsights_sitenote_note":"","_monsterinsights_sitenote_category":0,"footnotes":""},"categories":[5,22],"tags":[],"class_list":["post-2353","post","type-post","status-publish","format-standard","hentry","category-chiesa-mormone","category-mormonismo","et-doesnt-have-format-content","et_post_format-et-post-format-standard"],"yoast_head":"<!-- This site is optimized with the Yoast SEO plugin v27.4 - https:\/\/yoast.com\/product\/yoast-seo-wordpress\/ -->\n<title>Il Palo di Verona della Chiesa Mormone - Giovani Mormoni<\/title>\n<meta name=\"robots\" content=\"index, follow, max-snippet:-1, max-image-preview:large, max-video-preview:-1\" \/>\n<link rel=\"canonical\" href=\"https:\/\/it.elds.org\/giovanimormoni-com\/2008\/03\/18\/il-palo-di-verona-della-chiesa-mormone\/\" \/>\n<meta property=\"og:locale\" content=\"en_US\" \/>\n<meta property=\"og:type\" content=\"article\" \/>\n<meta property=\"og:title\" content=\"Il Palo di Verona della Chiesa Mormone - Giovani Mormoni\" \/>\n<meta property=\"og:description\" content=\"Il 2 marzo 2008 in una sala all&#8217;interno della fiera di Verona, alla presenza di pi\u00f9 di mille persone, e sotto la direzione dell&#8217; Anziano Francisco J. Vi\u00f1as, primo consigliere nella presidenza dell&#8217; area Europa ovest della Chiesa di Ges\u00f9 Cristo dei Santi degli Ultimi Giorni, \u00e8 stato organizzato il palo di Verona, sesto palo [&hellip;]\" \/>\n<meta property=\"og:url\" content=\"https:\/\/it.elds.org\/giovanimormoni-com\/2008\/03\/18\/il-palo-di-verona-della-chiesa-mormone\/\" \/>\n<meta property=\"og:site_name\" content=\"Giovani Mormoni\" \/>\n<meta property=\"article:published_time\" content=\"2008-03-18T21:49:52+00:00\" \/>\n<meta name=\"author\" content=\"giovanimormoni-com\" \/>\n<meta name=\"twitter:card\" content=\"summary_large_image\" \/>\n<meta name=\"twitter:label1\" content=\"Written by\" \/>\n\t<meta name=\"twitter:data1\" content=\"giovanimormoni-com\" \/>\n\t<meta name=\"twitter:label2\" content=\"Est. reading time\" \/>\n\t<meta name=\"twitter:data2\" content=\"1 minute\" \/>\n<script type=\"application\/ld+json\" class=\"yoast-schema-graph\">{\"@context\":\"https:\\\/\\\/schema.org\",\"@graph\":[{\"@type\":\"Article\",\"@id\":\"https:\\\/\\\/it.elds.org\\\/giovanimormoni-com\\\/2008\\\/03\\\/18\\\/il-palo-di-verona-della-chiesa-mormone\\\/#article\",\"isPartOf\":{\"@id\":\"https:\\\/\\\/it.elds.org\\\/giovanimormoni-com\\\/2008\\\/03\\\/18\\\/il-palo-di-verona-della-chiesa-mormone\\\/\"},\"author\":{\"name\":\"giovanimormoni-com\",\"@id\":\"https:\\\/\\\/it.elds.org\\\/giovanimormoni-com\\\/#\\\/schema\\\/person\\\/b4ea92441c2413ac871a07b80ce3bb9b\"},\"headline\":\"Il Palo di Verona della Chiesa Mormone\",\"datePublished\":\"2008-03-18T21:49:52+00:00\",\"mainEntityOfPage\":{\"@id\":\"https:\\\/\\\/it.elds.org\\\/giovanimormoni-com\\\/2008\\\/03\\\/18\\\/il-palo-di-verona-della-chiesa-mormone\\\/\"},\"wordCount\":246,\"commentCount\":4,\"articleSection\":[\"Chiesa di Ges\u00f9 Cristo (Chiesa Mormone)\",\"Mormonismo\"],\"inLanguage\":\"en-US\",\"potentialAction\":[{\"@type\":\"CommentAction\",\"name\":\"Comment\",\"target\":[\"https:\\\/\\\/it.elds.org\\\/giovanimormoni-com\\\/2008\\\/03\\\/18\\\/il-palo-di-verona-della-chiesa-mormone\\\/#respond\"]}]},{\"@type\":\"WebPage\",\"@id\":\"https:\\\/\\\/it.elds.org\\\/giovanimormoni-com\\\/2008\\\/03\\\/18\\\/il-palo-di-verona-della-chiesa-mormone\\\/\",\"url\":\"https:\\\/\\\/it.elds.org\\\/giovanimormoni-com\\\/2008\\\/03\\\/18\\\/il-palo-di-verona-della-chiesa-mormone\\\/\",\"name\":\"Il Palo di Verona della Chiesa Mormone - Giovani Mormoni\",\"isPartOf\":{\"@id\":\"https:\\\/\\\/it.elds.org\\\/giovanimormoni-com\\\/#website\"},\"datePublished\":\"2008-03-18T21:49:52+00:00\",\"author\":{\"@id\":\"https:\\\/\\\/it.elds.org\\\/giovanimormoni-com\\\/#\\\/schema\\\/person\\\/b4ea92441c2413ac871a07b80ce3bb9b\"},\"breadcrumb\":{\"@id\":\"https:\\\/\\\/it.elds.org\\\/giovanimormoni-com\\\/2008\\\/03\\\/18\\\/il-palo-di-verona-della-chiesa-mormone\\\/#breadcrumb\"},\"inLanguage\":\"en-US\",\"potentialAction\":[{\"@type\":\"ReadAction\",\"target\":[\"https:\\\/\\\/it.elds.org\\\/giovanimormoni-com\\\/2008\\\/03\\\/18\\\/il-palo-di-verona-della-chiesa-mormone\\\/\"]}]},{\"@type\":\"BreadcrumbList\",\"@id\":\"https:\\\/\\\/it.elds.org\\\/giovanimormoni-com\\\/2008\\\/03\\\/18\\\/il-palo-di-verona-della-chiesa-mormone\\\/#breadcrumb\",\"itemListElement\":[{\"@type\":\"ListItem\",\"position\":1,\"name\":\"Home\",\"item\":\"https:\\\/\\\/it.elds.org\\\/giovanimormoni-com\\\/\"},{\"@type\":\"ListItem\",\"position\":2,\"name\":\"Il Palo di Verona della Chiesa Mormone\"}]},{\"@type\":\"WebSite\",\"@id\":\"https:\\\/\\\/it.elds.org\\\/giovanimormoni-com\\\/#website\",\"url\":\"https:\\\/\\\/it.elds.org\\\/giovanimormoni-com\\\/\",\"name\":\"Giovani Mormoni\",\"description\":\"Un blog mormone a proposito di religione, famiglia e attualit\u00e0\",\"potentialAction\":[{\"@type\":\"SearchAction\",\"target\":{\"@type\":\"EntryPoint\",\"urlTemplate\":\"https:\\\/\\\/it.elds.org\\\/giovanimormoni-com\\\/?s={search_term_string}\"},\"query-input\":{\"@type\":\"PropertyValueSpecification\",\"valueRequired\":true,\"valueName\":\"search_term_string\"}}],\"inLanguage\":\"en-US\"},{\"@type\":\"Person\",\"@id\":\"https:\\\/\\\/it.elds.org\\\/giovanimormoni-com\\\/#\\\/schema\\\/person\\\/b4ea92441c2413ac871a07b80ce3bb9b\",\"name\":\"giovanimormoni-com\",\"image\":{\"@type\":\"ImageObject\",\"inLanguage\":\"en-US\",\"@id\":\"https:\\\/\\\/secure.gravatar.com\\\/avatar\\\/508724513f51e439c3411fd3057dc8ea7f3e13a49ec4c71c7f33426322312886?s=96&d=mm&r=g\",\"url\":\"https:\\\/\\\/secure.gravatar.com\\\/avatar\\\/508724513f51e439c3411fd3057dc8ea7f3e13a49ec4c71c7f33426322312886?s=96&d=mm&r=g\",\"contentUrl\":\"https:\\\/\\\/secure.gravatar.com\\\/avatar\\\/508724513f51e439c3411fd3057dc8ea7f3e13a49ec4c71c7f33426322312886?s=96&d=mm&r=g\",\"caption\":\"giovanimormoni-com\"},\"url\":\"https:\\\/\\\/it.elds.org\\\/giovanimormoni-com\\\/author\\\/giovanimormoni-com\\\/\"}]}<\/script>\n<!-- \/ Yoast SEO plugin. -->","yoast_head_json":{"title":"Il Palo di Verona della Chiesa Mormone - Giovani Mormoni","robots":{"index":"index","follow":"follow","max-snippet":"max-snippet:-1","max-image-preview":"max-image-preview:large","max-video-preview":"max-video-preview:-1"},"canonical":"https:\/\/it.elds.org\/giovanimormoni-com\/2008\/03\/18\/il-palo-di-verona-della-chiesa-mormone\/","og_locale":"en_US","og_type":"article","og_title":"Il Palo di Verona della Chiesa Mormone - Giovani Mormoni","og_description":"Il 2 marzo 2008 in una sala all&#8217;interno della fiera di Verona, alla presenza di pi\u00f9 di mille persone, e sotto la direzione dell&#8217; Anziano Francisco J. Vi\u00f1as, primo consigliere nella presidenza dell&#8217; area Europa ovest della Chiesa di Ges\u00f9 Cristo dei Santi degli Ultimi Giorni, \u00e8 stato organizzato il palo di Verona, sesto palo [&hellip;]","og_url":"https:\/\/it.elds.org\/giovanimormoni-com\/2008\/03\/18\/il-palo-di-verona-della-chiesa-mormone\/","og_site_name":"Giovani Mormoni","article_published_time":"2008-03-18T21:49:52+00:00","author":"giovanimormoni-com","twitter_card":"summary_large_image","twitter_misc":{"Written by":"giovanimormoni-com","Est. reading time":"1 minute"},"schema":{"@context":"https:\/\/schema.org","@graph":[{"@type":"Article","@id":"https:\/\/it.elds.org\/giovanimormoni-com\/2008\/03\/18\/il-palo-di-verona-della-chiesa-mormone\/#article","isPartOf":{"@id":"https:\/\/it.elds.org\/giovanimormoni-com\/2008\/03\/18\/il-palo-di-verona-della-chiesa-mormone\/"},"author":{"name":"giovanimormoni-com","@id":"https:\/\/it.elds.org\/giovanimormoni-com\/#\/schema\/person\/b4ea92441c2413ac871a07b80ce3bb9b"},"headline":"Il Palo di Verona della Chiesa Mormone","datePublished":"2008-03-18T21:49:52+00:00","mainEntityOfPage":{"@id":"https:\/\/it.elds.org\/giovanimormoni-com\/2008\/03\/18\/il-palo-di-verona-della-chiesa-mormone\/"},"wordCount":246,"commentCount":4,"articleSection":["Chiesa di Ges\u00f9 Cristo (Chiesa Mormone)","Mormonismo"],"inLanguage":"en-US","potentialAction":[{"@type":"CommentAction","name":"Comment","target":["https:\/\/it.elds.org\/giovanimormoni-com\/2008\/03\/18\/il-palo-di-verona-della-chiesa-mormone\/#respond"]}]},{"@type":"WebPage","@id":"https:\/\/it.elds.org\/giovanimormoni-com\/2008\/03\/18\/il-palo-di-verona-della-chiesa-mormone\/","url":"https:\/\/it.elds.org\/giovanimormoni-com\/2008\/03\/18\/il-palo-di-verona-della-chiesa-mormone\/","name":"Il Palo di Verona della Chiesa Mormone - Giovani Mormoni","isPartOf":{"@id":"https:\/\/it.elds.org\/giovanimormoni-com\/#website"},"datePublished":"2008-03-18T21:49:52+00:00","author":{"@id":"https:\/\/it.elds.org\/giovanimormoni-com\/#\/schema\/person\/b4ea92441c2413ac871a07b80ce3bb9b"},"breadcrumb":{"@id":"https:\/\/it.elds.org\/giovanimormoni-com\/2008\/03\/18\/il-palo-di-verona-della-chiesa-mormone\/#breadcrumb"},"inLanguage":"en-US","potentialAction":[{"@type":"ReadAction","target":["https:\/\/it.elds.org\/giovanimormoni-com\/2008\/03\/18\/il-palo-di-verona-della-chiesa-mormone\/"]}]},{"@type":"BreadcrumbList","@id":"https:\/\/it.elds.org\/giovanimormoni-com\/2008\/03\/18\/il-palo-di-verona-della-chiesa-mormone\/#breadcrumb","itemListElement":[{"@type":"ListItem","position":1,"name":"Home","item":"https:\/\/it.elds.org\/giovanimormoni-com\/"},{"@type":"ListItem","position":2,"name":"Il Palo di Verona della Chiesa Mormone"}]},{"@type":"WebSite","@id":"https:\/\/it.elds.org\/giovanimormoni-com\/#website","url":"https:\/\/it.elds.org\/giovanimormoni-com\/","name":"Giovani Mormoni","description":"Un blog mormone a proposito di religione, famiglia e attualit\u00e0","potentialAction":[{"@type":"SearchAction","target":{"@type":"EntryPoint","urlTemplate":"https:\/\/it.elds.org\/giovanimormoni-com\/?s={search_term_string}"},"query-input":{"@type":"PropertyValueSpecification","valueRequired":true,"valueName":"search_term_string"}}],"inLanguage":"en-US"},{"@type":"Person","@id":"https:\/\/it.elds.org\/giovanimormoni-com\/#\/schema\/person\/b4ea92441c2413ac871a07b80ce3bb9b","name":"giovanimormoni-com","image":{"@type":"ImageObject","inLanguage":"en-US","@id":"https:\/\/secure.gravatar.com\/avatar\/508724513f51e439c3411fd3057dc8ea7f3e13a49ec4c71c7f33426322312886?s=96&d=mm&r=g","url":"https:\/\/secure.gravatar.com\/avatar\/508724513f51e439c3411fd3057dc8ea7f3e13a49ec4c71c7f33426322312886?s=96&d=mm&r=g","contentUrl":"https:\/\/secure.gravatar.com\/avatar\/508724513f51e439c3411fd3057dc8ea7f3e13a49ec4c71c7f33426322312886?s=96&d=mm&r=g","caption":"giovanimormoni-com"},"url":"https:\/\/it.elds.org\/giovanimormoni-com\/author\/giovanimormoni-com\/"}]}},"_links":{"self":[{"href":"https:\/\/it.elds.org\/giovanimormoni-com\/wp-json\/wp\/v2\/posts\/2353","targetHints":{"allow":["GET"]}}],"collection":[{"href":"https:\/\/it.elds.org\/giovanimormoni-com\/wp-json\/wp\/v2\/posts"}],"about":[{"href":"https:\/\/it.elds.org\/giovanimormoni-com\/wp-json\/wp\/v2\/types\/post"}],"author":[{"embeddable":true,"href":"https:\/\/it.elds.org\/giovanimormoni-com\/wp-json\/wp\/v2\/users\/48"}],"replies":[{"embeddable":true,"href":"https:\/\/it.elds.org\/giovanimormoni-com\/wp-json\/wp\/v2\/comments?post=2353"}],"version-history":[{"count":0,"href":"https:\/\/it.elds.org\/giovanimormoni-com\/wp-json\/wp\/v2\/posts\/2353\/revisions"}],"wp:attachment":[{"href":"https:\/\/it.elds.org\/giovanimormoni-com\/wp-json\/wp\/v2\/media?parent=2353"}],"wp:term":[{"taxonomy":"category","embeddable":true,"href":"https:\/\/it.elds.org\/giovanimormoni-com\/wp-json\/wp\/v2\/categories?post=2353"},{"taxonomy":"post_tag","embeddable":true,"href":"https:\/\/it.elds.org\/giovanimormoni-com\/wp-json\/wp\/v2\/tags?post=2353"}],"curies":[{"name":"wp","href":"https:\/\/api.w.org\/{rel}","templated":true}]}}