{"id":2360,"date":"2008-04-30T11:05:25","date_gmt":"2008-04-30T18:05:25","guid":{"rendered":"http:\/\/giuseppemartinengo.org\/?p=28"},"modified":"2008-04-30T11:05:25","modified_gmt":"2008-04-30T18:05:25","slug":"ricordare-le-benedizioni","status":"publish","type":"post","link":"https:\/\/it.elds.org\/giovanimormoni-com\/2008\/04\/30\/ricordare-le-benedizioni\/","title":{"rendered":"Ricordare le benedizioni: Presidente Eyring"},"content":{"rendered":"<p>Alla penultima conferenza della <a href=\"http:\/\/www.chiesadigesucristo.it\/\" class=\"external_link_tool\">Chiesa<\/a> di <a href=\"http:\/\/www.chiesadigesucristo.it\/\" class=\"external_link_tool\">Ges\u00f9 Cristo<\/a> dei <a href=\"http:\/\/www.lds.org\/languages\/mainmenu\/0,5362,88-7,00.html\" class=\"external_link_tool\">Santi degli Ultimi Giorni<\/a> uno dei discorsi che mi ha colpito di pi\u00f9 \u00e8 stato quello del Presidente Eyring, intitolato, &#8220;Oh, ricordate, ricordate&#8221;.<em><span style=\"color: #666633\"><br \/>\n<\/span><\/em><\/p>\n<p class=\"intro\">\n<p><img decoding=\"async\" src=\"http:\/\/lds.org\/conference\/images\/o2007pulpit_4_1_eyrin.jpg\" alt=\"Presidente Henry B. Eyring\" \/><\/p>\n<p>Ne discorso il Presidente Eyring racconta,<\/p>\n<blockquote>\n<p>Quando i nostri figli erano molto piccoli, iniziai a scrivere alcune cose su ci\u00f2 che accadeva ogni giorno. Permettete che vi spieghi perch\u00e9 iniziai. Stavo rincasando tardi dal mio incarico di Chiesa. Era gi\u00e0 buio. Mio suocero, che viveva vicino a noi, mi colse di sorpresa mentre mi avvicinavo alla porta di casa. Indossava abiti da lavoro e camminava velocemente, portando sulle spalle un fascio di tubi. Sapevo che stava assemblando un sistema per pompare l\u2019acqua da un ruscello pi\u00f9 in basso sino alla nostra propriet\u00e0.<\/p>\n<\/blockquote>\n<blockquote>\n<p>Mi sorrise, mi parl\u00f2 a bassa voce, poi mi sorpass\u00f2 e si affrett\u00f2 nell\u2019oscurit\u00e0 per proseguire il lavoro. Feci qualche passo verso casa, pensando a ci\u00f2 che egli stava facendo per noi e, quando giunsi alla porta, udii nella mente\u2014e non con la mia voce\u2014queste parole: \u00abNon ti sto fornendo queste esperienze per te stesso. Scrivile!\u00bb<\/p>\n<\/blockquote>\n<blockquote>\n<p>Entrai. Non andai a dormire. Sebbene fossi stanco tirai fuori un po\u2019 di carta e iniziai a scrivere. Nel farlo, compresi il messaggio che avevo udito nella mente. Dovevo tenere un diario affinch\u00e9 in futuro i figli leggessero in che cosa avevo visto la mano di Dio assistere la nostra famiglia&#8230;<\/p>\n<\/blockquote>\n<p>Molte volte ci chiediamo perch\u00e8 o che cosa dovremmo scirvere in un diario. Questo discorso da un suggerimento molto valido, scrivere come vediamo la mano di Dio assistere la nostra <a href=\"http:\/\/www.chiesadigesucristo.com\/famiglie_mormoni\" class=\"external_link_tool\">famiglia<\/a>. Presidente Eyring continua,<\/p>\n<blockquote>\n<p>Per anni ogni giorno ho scritto qualche riga. Non ho mai saltato un giorno, a prescindere da quanto fossi stanco o dall\u2019ora in cui dovessi alzarmi. Prima di scrivere, mi ponevo la domanda: \u00abOggi ho visto la mano di Dio tesa verso i nostri figli o verso la nostra famiglia?\u00bb Scrivendo queste cose, inizi\u00f2 ad accadere qualcosa: mi fermavo a pensare, cos\u00ec scorgevo l\u2019evidenza di ci\u00f2 che Iddio aveva fatto per noi, ma che non avevo riconosciuto nei momenti frenetici della giornata. Visto che questo accadeva, e accadeva spesso, mi resi conto che cercare di ricordare aveva permesso a Dio di mostrarmi quello che Egli aveva fatto.<\/p>\n<\/blockquote>\n<blockquote>\n<p>Nel cuore inizi\u00f2 a svilupparsi pi\u00f9 di una semplice gratitudine: crebbe la testimonianza; divenni sempre pi\u00f9 certo che il nostro Padre celeste ascolta e risponde alle preghiere; provai maggiore gratitudine per l\u2019intenerimento e la purificazione portati dall\u2019espiazione del Salvatore <a href=\"http:\/\/www.mormon.org\/learn\/0,8672,802-7,00.html\" class=\"external_link_tool\">Ges\u00f9<\/a> Cristo; aument\u00f2 la mia fiducia che lo Spirito Santo pu\u00f2 rammentarci tutte le cose, persino quelle che non notiamo o a cui non prestiamo attenzione quando avvengono.<\/p>\n<\/blockquote>\n<p>Io scrivo un diario, ma non \u00e8 molto regolare. Mi rendo conto per\u00f2 che scrivere ci aiuta a vedere la mano di Dio in tutte le cose. Inoltre, nel futuro i nostri figli potranno scoprire molte benedizioni ricevute da Dio grazie alle informazioni e pensieri contenuti nei nostri diari.<\/p>\n<p><strong>Link al discorso completo: <\/strong><a href=\"http:\/\/lds.org\/conference\/talk\/display\/0,5232,23-7-781-24,00.html\">Oh, ricordate, ricordate<\/a><strong> <\/strong><\/p>\n","protected":false},"excerpt":{"rendered":"<p>Alla penultima conferenza della Chiesa di Ges\u00f9 Cristo dei Santi degli Ultimi Giorni uno dei discorsi che mi ha colpito di pi\u00f9 \u00e8 stato quello del Presidente Eyring, intitolato, &#8220;Oh, ricordate, ricordate&#8221;. Ne discorso il Presidente Eyring racconta, Quando i nostri figli erano molto piccoli, iniziai a scrivere alcune cose su ci\u00f2 che accadeva ogni [&hellip;]<\/p>\n","protected":false},"author":48,"featured_media":0,"comment_status":"open","ping_status":"open","sticky":false,"template":"","format":"standard","meta":{"_et_pb_use_builder":"","_et_pb_old_content":"","_et_gb_content_width":"","_monsterinsights_skip_tracking":false,"_monsterinsights_sitenote_active":false,"_monsterinsights_sitenote_note":"","_monsterinsights_sitenote_category":0,"footnotes":""},"categories":[5,6,9,10,22],"tags":[125,413],"class_list":["post-2360","post","type-post","status-publish","format-standard","hentry","category-chiesa-mormone","category-conferenza-generale","category-dottrine-mormoni","category-famiglia","category-mormonismo","tag-conferenza-generale","tag-mormonismo","et-doesnt-have-format-content","et_post_format-et-post-format-standard"],"yoast_head":"<!-- This site is optimized with the Yoast SEO plugin v27.5 - https:\/\/yoast.com\/product\/yoast-seo-wordpress\/ -->\n<title>Ricordare le benedizioni: Presidente Eyring - Giovani Mormoni<\/title>\n<meta name=\"robots\" content=\"index, follow, max-snippet:-1, max-image-preview:large, max-video-preview:-1\" \/>\n<link rel=\"canonical\" href=\"https:\/\/it.elds.org\/giovanimormoni-com\/2008\/04\/30\/ricordare-le-benedizioni\/\" \/>\n<meta property=\"og:locale\" content=\"en_US\" \/>\n<meta property=\"og:type\" content=\"article\" \/>\n<meta property=\"og:title\" content=\"Ricordare le benedizioni: Presidente Eyring - Giovani Mormoni\" \/>\n<meta property=\"og:description\" content=\"Alla penultima conferenza della Chiesa di Ges\u00f9 Cristo dei Santi degli Ultimi Giorni uno dei discorsi che mi ha colpito di pi\u00f9 \u00e8 stato quello del Presidente Eyring, intitolato, &#8220;Oh, ricordate, ricordate&#8221;. Ne discorso il Presidente Eyring racconta, Quando i nostri figli erano molto piccoli, iniziai a scrivere alcune cose su ci\u00f2 che accadeva ogni [&hellip;]\" \/>\n<meta property=\"og:url\" content=\"https:\/\/it.elds.org\/giovanimormoni-com\/2008\/04\/30\/ricordare-le-benedizioni\/\" \/>\n<meta property=\"og:site_name\" content=\"Giovani Mormoni\" \/>\n<meta property=\"article:published_time\" content=\"2008-04-30T18:05:25+00:00\" \/>\n<meta property=\"og:image\" content=\"http:\/\/lds.org\/conference\/images\/o2007pulpit_4_1_eyrin.jpg\" \/>\n<meta name=\"author\" content=\"giovanimormoni-com\" \/>\n<meta name=\"twitter:card\" content=\"summary_large_image\" \/>\n<meta name=\"twitter:label1\" content=\"Written by\" \/>\n\t<meta name=\"twitter:data1\" content=\"giovanimormoni-com\" \/>\n\t<meta name=\"twitter:label2\" content=\"Est. reading time\" \/>\n\t<meta name=\"twitter:data2\" content=\"3 minutes\" \/>\n<script type=\"application\/ld+json\" class=\"yoast-schema-graph\">{\"@context\":\"https:\\\/\\\/schema.org\",\"@graph\":[{\"@type\":\"Article\",\"@id\":\"https:\\\/\\\/it.elds.org\\\/giovanimormoni-com\\\/2008\\\/04\\\/30\\\/ricordare-le-benedizioni\\\/#article\",\"isPartOf\":{\"@id\":\"https:\\\/\\\/it.elds.org\\\/giovanimormoni-com\\\/2008\\\/04\\\/30\\\/ricordare-le-benedizioni\\\/\"},\"author\":{\"name\":\"giovanimormoni-com\",\"@id\":\"https:\\\/\\\/it.elds.org\\\/giovanimormoni-com\\\/#\\\/schema\\\/person\\\/b4ea92441c2413ac871a07b80ce3bb9b\"},\"headline\":\"Ricordare le benedizioni: Presidente Eyring\",\"datePublished\":\"2008-04-30T18:05:25+00:00\",\"mainEntityOfPage\":{\"@id\":\"https:\\\/\\\/it.elds.org\\\/giovanimormoni-com\\\/2008\\\/04\\\/30\\\/ricordare-le-benedizioni\\\/\"},\"wordCount\":506,\"commentCount\":0,\"image\":{\"@id\":\"https:\\\/\\\/it.elds.org\\\/giovanimormoni-com\\\/2008\\\/04\\\/30\\\/ricordare-le-benedizioni\\\/#primaryimage\"},\"thumbnailUrl\":\"http:\\\/\\\/lds.org\\\/conference\\\/images\\\/o2007pulpit_4_1_eyrin.jpg\",\"keywords\":[\"Conferenza Generale\",\"Mormonismo\"],\"articleSection\":[\"Chiesa di Ges\u00f9 Cristo (Chiesa Mormone)\",\"Conferenza Generale\",\"Dottrine Mormoni\",\"Famiglia\",\"Mormonismo\"],\"inLanguage\":\"en-US\",\"potentialAction\":[{\"@type\":\"CommentAction\",\"name\":\"Comment\",\"target\":[\"https:\\\/\\\/it.elds.org\\\/giovanimormoni-com\\\/2008\\\/04\\\/30\\\/ricordare-le-benedizioni\\\/#respond\"]}]},{\"@type\":\"WebPage\",\"@id\":\"https:\\\/\\\/it.elds.org\\\/giovanimormoni-com\\\/2008\\\/04\\\/30\\\/ricordare-le-benedizioni\\\/\",\"url\":\"https:\\\/\\\/it.elds.org\\\/giovanimormoni-com\\\/2008\\\/04\\\/30\\\/ricordare-le-benedizioni\\\/\",\"name\":\"Ricordare le benedizioni: Presidente Eyring - Giovani Mormoni\",\"isPartOf\":{\"@id\":\"https:\\\/\\\/it.elds.org\\\/giovanimormoni-com\\\/#website\"},\"primaryImageOfPage\":{\"@id\":\"https:\\\/\\\/it.elds.org\\\/giovanimormoni-com\\\/2008\\\/04\\\/30\\\/ricordare-le-benedizioni\\\/#primaryimage\"},\"image\":{\"@id\":\"https:\\\/\\\/it.elds.org\\\/giovanimormoni-com\\\/2008\\\/04\\\/30\\\/ricordare-le-benedizioni\\\/#primaryimage\"},\"thumbnailUrl\":\"http:\\\/\\\/lds.org\\\/conference\\\/images\\\/o2007pulpit_4_1_eyrin.jpg\",\"datePublished\":\"2008-04-30T18:05:25+00:00\",\"author\":{\"@id\":\"https:\\\/\\\/it.elds.org\\\/giovanimormoni-com\\\/#\\\/schema\\\/person\\\/b4ea92441c2413ac871a07b80ce3bb9b\"},\"breadcrumb\":{\"@id\":\"https:\\\/\\\/it.elds.org\\\/giovanimormoni-com\\\/2008\\\/04\\\/30\\\/ricordare-le-benedizioni\\\/#breadcrumb\"},\"inLanguage\":\"en-US\",\"potentialAction\":[{\"@type\":\"ReadAction\",\"target\":[\"https:\\\/\\\/it.elds.org\\\/giovanimormoni-com\\\/2008\\\/04\\\/30\\\/ricordare-le-benedizioni\\\/\"]}]},{\"@type\":\"ImageObject\",\"inLanguage\":\"en-US\",\"@id\":\"https:\\\/\\\/it.elds.org\\\/giovanimormoni-com\\\/2008\\\/04\\\/30\\\/ricordare-le-benedizioni\\\/#primaryimage\",\"url\":\"http:\\\/\\\/lds.org\\\/conference\\\/images\\\/o2007pulpit_4_1_eyrin.jpg\",\"contentUrl\":\"http:\\\/\\\/lds.org\\\/conference\\\/images\\\/o2007pulpit_4_1_eyrin.jpg\"},{\"@type\":\"BreadcrumbList\",\"@id\":\"https:\\\/\\\/it.elds.org\\\/giovanimormoni-com\\\/2008\\\/04\\\/30\\\/ricordare-le-benedizioni\\\/#breadcrumb\",\"itemListElement\":[{\"@type\":\"ListItem\",\"position\":1,\"name\":\"Home\",\"item\":\"https:\\\/\\\/it.elds.org\\\/giovanimormoni-com\\\/\"},{\"@type\":\"ListItem\",\"position\":2,\"name\":\"Ricordare le benedizioni: Presidente Eyring\"}]},{\"@type\":\"WebSite\",\"@id\":\"https:\\\/\\\/it.elds.org\\\/giovanimormoni-com\\\/#website\",\"url\":\"https:\\\/\\\/it.elds.org\\\/giovanimormoni-com\\\/\",\"name\":\"Giovani Mormoni\",\"description\":\"Un blog mormone a proposito di religione, famiglia e attualit\u00e0\",\"potentialAction\":[{\"@type\":\"SearchAction\",\"target\":{\"@type\":\"EntryPoint\",\"urlTemplate\":\"https:\\\/\\\/it.elds.org\\\/giovanimormoni-com\\\/?s={search_term_string}\"},\"query-input\":{\"@type\":\"PropertyValueSpecification\",\"valueRequired\":true,\"valueName\":\"search_term_string\"}}],\"inLanguage\":\"en-US\"},{\"@type\":\"Person\",\"@id\":\"https:\\\/\\\/it.elds.org\\\/giovanimormoni-com\\\/#\\\/schema\\\/person\\\/b4ea92441c2413ac871a07b80ce3bb9b\",\"name\":\"giovanimormoni-com\",\"image\":{\"@type\":\"ImageObject\",\"inLanguage\":\"en-US\",\"@id\":\"https:\\\/\\\/secure.gravatar.com\\\/avatar\\\/508724513f51e439c3411fd3057dc8ea7f3e13a49ec4c71c7f33426322312886?s=96&d=mm&r=g\",\"url\":\"https:\\\/\\\/secure.gravatar.com\\\/avatar\\\/508724513f51e439c3411fd3057dc8ea7f3e13a49ec4c71c7f33426322312886?s=96&d=mm&r=g\",\"contentUrl\":\"https:\\\/\\\/secure.gravatar.com\\\/avatar\\\/508724513f51e439c3411fd3057dc8ea7f3e13a49ec4c71c7f33426322312886?s=96&d=mm&r=g\",\"caption\":\"giovanimormoni-com\"},\"url\":\"https:\\\/\\\/it.elds.org\\\/giovanimormoni-com\\\/author\\\/giovanimormoni-com\\\/\"}]}<\/script>\n<!-- \/ Yoast SEO plugin. -->","yoast_head_json":{"title":"Ricordare le benedizioni: Presidente Eyring - Giovani Mormoni","robots":{"index":"index","follow":"follow","max-snippet":"max-snippet:-1","max-image-preview":"max-image-preview:large","max-video-preview":"max-video-preview:-1"},"canonical":"https:\/\/it.elds.org\/giovanimormoni-com\/2008\/04\/30\/ricordare-le-benedizioni\/","og_locale":"en_US","og_type":"article","og_title":"Ricordare le benedizioni: Presidente Eyring - Giovani Mormoni","og_description":"Alla penultima conferenza della Chiesa di Ges\u00f9 Cristo dei Santi degli Ultimi Giorni uno dei discorsi che mi ha colpito di pi\u00f9 \u00e8 stato quello del Presidente Eyring, intitolato, &#8220;Oh, ricordate, ricordate&#8221;. Ne discorso il Presidente Eyring racconta, Quando i nostri figli erano molto piccoli, iniziai a scrivere alcune cose su ci\u00f2 che accadeva ogni [&hellip;]","og_url":"https:\/\/it.elds.org\/giovanimormoni-com\/2008\/04\/30\/ricordare-le-benedizioni\/","og_site_name":"Giovani Mormoni","article_published_time":"2008-04-30T18:05:25+00:00","og_image":[{"url":"http:\/\/lds.org\/conference\/images\/o2007pulpit_4_1_eyrin.jpg","type":"","width":"","height":""}],"author":"giovanimormoni-com","twitter_card":"summary_large_image","twitter_misc":{"Written by":"giovanimormoni-com","Est. reading time":"3 minutes"},"schema":{"@context":"https:\/\/schema.org","@graph":[{"@type":"Article","@id":"https:\/\/it.elds.org\/giovanimormoni-com\/2008\/04\/30\/ricordare-le-benedizioni\/#article","isPartOf":{"@id":"https:\/\/it.elds.org\/giovanimormoni-com\/2008\/04\/30\/ricordare-le-benedizioni\/"},"author":{"name":"giovanimormoni-com","@id":"https:\/\/it.elds.org\/giovanimormoni-com\/#\/schema\/person\/b4ea92441c2413ac871a07b80ce3bb9b"},"headline":"Ricordare le benedizioni: Presidente Eyring","datePublished":"2008-04-30T18:05:25+00:00","mainEntityOfPage":{"@id":"https:\/\/it.elds.org\/giovanimormoni-com\/2008\/04\/30\/ricordare-le-benedizioni\/"},"wordCount":506,"commentCount":0,"image":{"@id":"https:\/\/it.elds.org\/giovanimormoni-com\/2008\/04\/30\/ricordare-le-benedizioni\/#primaryimage"},"thumbnailUrl":"http:\/\/lds.org\/conference\/images\/o2007pulpit_4_1_eyrin.jpg","keywords":["Conferenza Generale","Mormonismo"],"articleSection":["Chiesa di Ges\u00f9 Cristo (Chiesa Mormone)","Conferenza Generale","Dottrine Mormoni","Famiglia","Mormonismo"],"inLanguage":"en-US","potentialAction":[{"@type":"CommentAction","name":"Comment","target":["https:\/\/it.elds.org\/giovanimormoni-com\/2008\/04\/30\/ricordare-le-benedizioni\/#respond"]}]},{"@type":"WebPage","@id":"https:\/\/it.elds.org\/giovanimormoni-com\/2008\/04\/30\/ricordare-le-benedizioni\/","url":"https:\/\/it.elds.org\/giovanimormoni-com\/2008\/04\/30\/ricordare-le-benedizioni\/","name":"Ricordare le benedizioni: Presidente Eyring - Giovani Mormoni","isPartOf":{"@id":"https:\/\/it.elds.org\/giovanimormoni-com\/#website"},"primaryImageOfPage":{"@id":"https:\/\/it.elds.org\/giovanimormoni-com\/2008\/04\/30\/ricordare-le-benedizioni\/#primaryimage"},"image":{"@id":"https:\/\/it.elds.org\/giovanimormoni-com\/2008\/04\/30\/ricordare-le-benedizioni\/#primaryimage"},"thumbnailUrl":"http:\/\/lds.org\/conference\/images\/o2007pulpit_4_1_eyrin.jpg","datePublished":"2008-04-30T18:05:25+00:00","author":{"@id":"https:\/\/it.elds.org\/giovanimormoni-com\/#\/schema\/person\/b4ea92441c2413ac871a07b80ce3bb9b"},"breadcrumb":{"@id":"https:\/\/it.elds.org\/giovanimormoni-com\/2008\/04\/30\/ricordare-le-benedizioni\/#breadcrumb"},"inLanguage":"en-US","potentialAction":[{"@type":"ReadAction","target":["https:\/\/it.elds.org\/giovanimormoni-com\/2008\/04\/30\/ricordare-le-benedizioni\/"]}]},{"@type":"ImageObject","inLanguage":"en-US","@id":"https:\/\/it.elds.org\/giovanimormoni-com\/2008\/04\/30\/ricordare-le-benedizioni\/#primaryimage","url":"http:\/\/lds.org\/conference\/images\/o2007pulpit_4_1_eyrin.jpg","contentUrl":"http:\/\/lds.org\/conference\/images\/o2007pulpit_4_1_eyrin.jpg"},{"@type":"BreadcrumbList","@id":"https:\/\/it.elds.org\/giovanimormoni-com\/2008\/04\/30\/ricordare-le-benedizioni\/#breadcrumb","itemListElement":[{"@type":"ListItem","position":1,"name":"Home","item":"https:\/\/it.elds.org\/giovanimormoni-com\/"},{"@type":"ListItem","position":2,"name":"Ricordare le benedizioni: Presidente Eyring"}]},{"@type":"WebSite","@id":"https:\/\/it.elds.org\/giovanimormoni-com\/#website","url":"https:\/\/it.elds.org\/giovanimormoni-com\/","name":"Giovani Mormoni","description":"Un blog mormone a proposito di religione, famiglia e attualit\u00e0","potentialAction":[{"@type":"SearchAction","target":{"@type":"EntryPoint","urlTemplate":"https:\/\/it.elds.org\/giovanimormoni-com\/?s={search_term_string}"},"query-input":{"@type":"PropertyValueSpecification","valueRequired":true,"valueName":"search_term_string"}}],"inLanguage":"en-US"},{"@type":"Person","@id":"https:\/\/it.elds.org\/giovanimormoni-com\/#\/schema\/person\/b4ea92441c2413ac871a07b80ce3bb9b","name":"giovanimormoni-com","image":{"@type":"ImageObject","inLanguage":"en-US","@id":"https:\/\/secure.gravatar.com\/avatar\/508724513f51e439c3411fd3057dc8ea7f3e13a49ec4c71c7f33426322312886?s=96&d=mm&r=g","url":"https:\/\/secure.gravatar.com\/avatar\/508724513f51e439c3411fd3057dc8ea7f3e13a49ec4c71c7f33426322312886?s=96&d=mm&r=g","contentUrl":"https:\/\/secure.gravatar.com\/avatar\/508724513f51e439c3411fd3057dc8ea7f3e13a49ec4c71c7f33426322312886?s=96&d=mm&r=g","caption":"giovanimormoni-com"},"url":"https:\/\/it.elds.org\/giovanimormoni-com\/author\/giovanimormoni-com\/"}]}},"_links":{"self":[{"href":"https:\/\/it.elds.org\/giovanimormoni-com\/wp-json\/wp\/v2\/posts\/2360","targetHints":{"allow":["GET"]}}],"collection":[{"href":"https:\/\/it.elds.org\/giovanimormoni-com\/wp-json\/wp\/v2\/posts"}],"about":[{"href":"https:\/\/it.elds.org\/giovanimormoni-com\/wp-json\/wp\/v2\/types\/post"}],"author":[{"embeddable":true,"href":"https:\/\/it.elds.org\/giovanimormoni-com\/wp-json\/wp\/v2\/users\/48"}],"replies":[{"embeddable":true,"href":"https:\/\/it.elds.org\/giovanimormoni-com\/wp-json\/wp\/v2\/comments?post=2360"}],"version-history":[{"count":0,"href":"https:\/\/it.elds.org\/giovanimormoni-com\/wp-json\/wp\/v2\/posts\/2360\/revisions"}],"wp:attachment":[{"href":"https:\/\/it.elds.org\/giovanimormoni-com\/wp-json\/wp\/v2\/media?parent=2360"}],"wp:term":[{"taxonomy":"category","embeddable":true,"href":"https:\/\/it.elds.org\/giovanimormoni-com\/wp-json\/wp\/v2\/categories?post=2360"},{"taxonomy":"post_tag","embeddable":true,"href":"https:\/\/it.elds.org\/giovanimormoni-com\/wp-json\/wp\/v2\/tags?post=2360"}],"curies":[{"name":"wp","href":"https:\/\/api.w.org\/{rel}","templated":true}]}}